{"id":6164,"date":"2024-06-18T12:00:08","date_gmt":"2024-06-18T10:00:08","guid":{"rendered":"https:\/\/sp22.pl\/nowa\/?p=6164"},"modified":"2024-06-27T12:03:30","modified_gmt":"2024-06-27T10:03:30","slug":"sukces-ucznia-w-konkursie-slowa-maja-moc","status":"publish","type":"post","link":"https:\/\/sp22.pl\/nowa\/index.php\/2024\/06\/18\/sukces-ucznia-w-konkursie-slowa-maja-moc\/","title":{"rendered":"Sukces ucznia w konkursie &#8222;S\u0142owa maj\u0105 wielk\u0105 moc&#8221;"},"content":{"rendered":"<p><span style=\"color: #000000;\">11 czerwca 2024 roku w Akademii Mazowieckiej w P\u0142ocku odby\u0142o si\u0119 uroczyste wr\u0119czenie nagr\u00f3d laureatom II edycji konkursu polonistycznego pod has\u0142em \u201eS\u0142owa maj\u0105 wielk\u0105 moc\u201d.<\/span><\/p>\n<p><span style=\"color: #000000;\">W przedsi\u0119wzi\u0119ciu wzi\u0119li udzia\u0142 uczniowie szk\u00f3\u0142 podstawowych z obszaru wojew\u00f3dztwa mazowieckiego. M\u0142odzi ludzie wykazali si\u0119&nbsp; niezwyk\u0142ym talentem pisarskim.<\/span><\/p>\n<p><span style=\"color: #000000;\">W kategorii kl. IV-VI drugie miejsce zaj\u0105\u0142 ucze\u0144 naszej szko\u0142y- Igor Bijak, kt\u00f3ry napisa\u0142 wiersz pt. \u201eS\u0105siad\u2019\u2019. Opiekunem laureata by\u0142a pani Anna Cybulska.<\/span><\/p>\nngg_shortcode_0_placeholder\n","protected":false},"excerpt":{"rendered":"<p>&#46;&#46;&#46;<\/p>\n","protected":false},"author":4,"featured_media":6165,"comment_status":"open","ping_status":"open","sticky":false,"template":"","format":"standard","meta":{"ngg_post_thumbnail":0,"footnotes":""},"categories":[1],"tags":[],"class_list":["post-6164","post","type-post","status-publish","format-standard","has-post-thumbnail","hentry","category-wiadomosci"],"_links":{"self":[{"href":"https:\/\/sp22.pl\/nowa\/index.php\/wp-json\/wp\/v2\/posts\/6164","targetHints":{"allow":["GET"]}}],"collection":[{"href":"https:\/\/sp22.pl\/nowa\/index.php\/wp-json\/wp\/v2\/posts"}],"about":[{"href":"https:\/\/sp22.pl\/nowa\/index.php\/wp-json\/wp\/v2\/types\/post"}],"author":[{"embeddable":true,"href":"https:\/\/sp22.pl\/nowa\/index.php\/wp-json\/wp\/v2\/users\/4"}],"replies":[{"embeddable":true,"href":"https:\/\/sp22.pl\/nowa\/index.php\/wp-json\/wp\/v2\/comments?post=6164"}],"version-history":[{"count":2,"href":"https:\/\/sp22.pl\/nowa\/index.php\/wp-json\/wp\/v2\/posts\/6164\/revisions"}],"predecessor-version":[{"id":6167,"href":"https:\/\/sp22.pl\/nowa\/index.php\/wp-json\/wp\/v2\/posts\/6164\/revisions\/6167"}],"wp:featuredmedia":[{"embeddable":true,"href":"https:\/\/sp22.pl\/nowa\/index.php\/wp-json\/wp\/v2\/media\/6165"}],"wp:attachment":[{"href":"https:\/\/sp22.pl\/nowa\/index.php\/wp-json\/wp\/v2\/media?parent=6164"}],"wp:term":[{"taxonomy":"category","embeddable":true,"href":"https:\/\/sp22.pl\/nowa\/index.php\/wp-json\/wp\/v2\/categories?post=6164"},{"taxonomy":"post_tag","embeddable":true,"href":"https:\/\/sp22.pl\/nowa\/index.php\/wp-json\/wp\/v2\/tags?post=6164"}],"curies":[{"name":"wp","href":"https:\/\/api.w.org\/{rel}","templated":true}]}}