{"id":6144,"date":"2024-06-17T10:33:22","date_gmt":"2024-06-17T08:33:22","guid":{"rendered":"https:\/\/sp22.pl\/nowa\/?p=6144"},"modified":"2024-06-27T10:53:54","modified_gmt":"2024-06-27T08:53:54","slug":"cala-polska-czyta-dzieciom-2","status":"publish","type":"post","link":"https:\/\/sp22.pl\/nowa\/index.php\/2024\/06\/17\/cala-polska-czyta-dzieciom-2\/","title":{"rendered":"Ca\u0142a Polska Czyta Dzieciom"},"content":{"rendered":"<p><span style=\"color: #000000;\">Ca\u0142a Polska Czyta Dzieciom to czytelnicze \u015bwi\u0119to, kt\u00f3re od ponad 2 dekad jednoczy osoby i instytucje zaanga\u017cowane w promocj\u0119 czytania dzieciom i jest obchodzone w setkach plac\u00f3wek bibliotecznych oraz o\u015bwiatowych w ca\u0142ym kraju.<\/span><\/p>\n<p><span style=\"color: #000000;\">Nasza szko\u0142a od wielu lat r\u00f3wnie\u017c w\u0142\u0105cza si\u0119 aktywnie w obchody Og\u00f3lnopolskiego Tygodnia Czytania Dzieciom.<\/span><\/p>\n<p><span style=\"color: #000000;\">W tym roku XXIII OTCD odby\u0142 si\u0119 w dniach 1-7 czerwca pod has\u0142em ,,Porozmawiajmy o ksi\u0105\u017ckach, Tygrysie\u201d nawi\u0105zuj\u0105cym do tytu\u0142u Grand Prix VI Konkursu im. Astrid Lindgren &#8211; Porozmawiajmy o sztuce, Tygrysie\u201d.<\/span><\/p>\n<p><span style=\"color: #000000;\">W ramach obchod\u00f3w czytelniczego \u015bwi\u0119ta uczniowie klas starszych czytali m\u0142odszym kolegom i kole\u017cankom z klas 1-3 fragmenty ksi\u0105\u017cek z literatury dzieci\u0119cej\/Starszy Czyta M\u0142odszemu.<\/span><\/p>\n<p><span style=\"color: #000000;\">W ramach akcji ,,Czytanie na polanie\u201d uczniowie s\u0142uchali czytanych fragment\u00f3w ksi\u0105\u017cek na \u015bwie\u017cym powietrzu w kontakcie z natur\u0105.<\/span><\/p>\n<p><span style=\"color: #000000;\">Uczniowie z k\u00f3\u0142ka teatralnego klas m\u0142odszych zaprezentowali monta\u017c muzyczno- s\u0142owny na podstawie wiersza Juliana Tuwima pt.,,Rzepka\u201d.<\/span><\/p>\n<p><span style=\"color: #000000;\">Podczas okoliczno\u015bciowego apelu odby\u0142a si\u0119 uroczysto\u015b\u0107 wr\u0119czenia wyr\u00f3\u017cnie\u0144 i medali dla Najlepszych Czytelnik\u00f3w z klas m\u0142odszych w naszej szkole.<\/span><\/p>\n<p><span style=\"color: #000000;\">Na forum szko\u0142y zaprezentowana zosta\u0142a tematyczna gazetka o kampanii Ca\u0142a Polska Czyta Dzieciom.<\/span><\/p>\n<p><span style=\"color: #000000;\">Uczniowie klas 1-3 wykonali prace plastyczne na temat ,,Bohaterowie naszych ulubionych bajek\u201d.<\/span><\/p>\n<p><span style=\"color: #000000;\">Dzieci z klasy 3a i 3c z wychowawcami wzi\u0119\u0142y udzia\u0142 w 14 edycji ,,Czyta\u0107 wypada, czyli ksi\u0105\u017cek parada\u201d koordynowanym przez Ksi\u0105\u017cnic\u0119 P\u0142ock\u0105 Bibliotek\u0119 dla Dzieci.<\/span><\/p>\n<p><span style=\"color: #000000;\">Razem z Prezydentem miasta Andrzejem Nowakowskim, wieloma go\u015b\u0107mi, dyrektorami szk\u00f3\u0142 i przedszkoli uczniowie czytali na starym Rynku w P\u0142ocku wiersz Juliana Tuwima ,,Rzepka\u201d.<\/span><\/p>\n<p><span style=\"color: #000000;\">Organizatorzy: Magdalena Stefa\u0144ska, Anna Kowalska&nbsp; &#8211; koordynatorzy; El\u017cbieta Wi\u015bniewska, Emilia Heljasi\u0144ska \u2013 Schmidt, Iwona Blank, Renata Piliczewska, Beata Michalak, Anna Cybulska, Edyta Rejmer, Kinga Tobota.<\/span><\/p>\nngg_shortcode_0_placeholder\n","protected":false},"excerpt":{"rendered":"<p>&#46;&#46;&#46;<\/p>\n","protected":false},"author":4,"featured_media":6145,"comment_status":"open","ping_status":"open","sticky":false,"template":"","format":"standard","meta":{"ngg_post_thumbnail":0,"footnotes":""},"categories":[1],"tags":[],"class_list":["post-6144","post","type-post","status-publish","format-standard","has-post-thumbnail","hentry","category-wiadomosci"],"_links":{"self":[{"href":"https:\/\/sp22.pl\/nowa\/index.php\/wp-json\/wp\/v2\/posts\/6144","targetHints":{"allow":["GET"]}}],"collection":[{"href":"https:\/\/sp22.pl\/nowa\/index.php\/wp-json\/wp\/v2\/posts"}],"about":[{"href":"https:\/\/sp22.pl\/nowa\/index.php\/wp-json\/wp\/v2\/types\/post"}],"author":[{"embeddable":true,"href":"https:\/\/sp22.pl\/nowa\/index.php\/wp-json\/wp\/v2\/users\/4"}],"replies":[{"embeddable":true,"href":"https:\/\/sp22.pl\/nowa\/index.php\/wp-json\/wp\/v2\/comments?post=6144"}],"version-history":[{"count":1,"href":"https:\/\/sp22.pl\/nowa\/index.php\/wp-json\/wp\/v2\/posts\/6144\/revisions"}],"predecessor-version":[{"id":6146,"href":"https:\/\/sp22.pl\/nowa\/index.php\/wp-json\/wp\/v2\/posts\/6144\/revisions\/6146"}],"wp:featuredmedia":[{"embeddable":true,"href":"https:\/\/sp22.pl\/nowa\/index.php\/wp-json\/wp\/v2\/media\/6145"}],"wp:attachment":[{"href":"https:\/\/sp22.pl\/nowa\/index.php\/wp-json\/wp\/v2\/media?parent=6144"}],"wp:term":[{"taxonomy":"category","embeddable":true,"href":"https:\/\/sp22.pl\/nowa\/index.php\/wp-json\/wp\/v2\/categories?post=6144"},{"taxonomy":"post_tag","embeddable":true,"href":"https:\/\/sp22.pl\/nowa\/index.php\/wp-json\/wp\/v2\/tags?post=6144"}],"curies":[{"name":"wp","href":"https:\/\/api.w.org\/{rel}","templated":true}]}}