{"id":6012,"date":"2024-05-30T13:37:19","date_gmt":"2024-05-30T11:37:19","guid":{"rendered":"https:\/\/sp22.pl\/nowa\/?p=6012"},"modified":"2024-05-30T13:37:19","modified_gmt":"2024-05-30T11:37:19","slug":"ta-smieszna-i-straszna-prl","status":"publish","type":"post","link":"https:\/\/sp22.pl\/nowa\/index.php\/2024\/05\/30\/ta-smieszna-i-straszna-prl\/","title":{"rendered":"&#8222;Ta \u015bmieszna i straszna PRL&#8230;&#8221;"},"content":{"rendered":"<p>.<span style=\"color: #000000;\">.. to tytu\u0142 ksi\u0105\u017cki Gra\u017cyny B\u0105kiewicz, kt\u00f3ra sta\u0142a si\u0119 inspiracj\u0105 projektu edukacyjnego pod tym samym tytu\u0142em. Realizowany on by\u0142 na lekcjach historii w klasie 8a i 8b, pod czujnym okiem Pani Beaty Szymczak. Jego g\u0142\u00f3wnym celem by\u0142o przybli\u017cenie m\u0142odzie\u017cy ciekawych czas\u00f3w Polskiej Rzeczpospolitej Ludowej, z perspektywy zwyk\u0142ego obywatela. Na kilka zaj\u0119\u0107 sala lekcyjna zamieni\u0142a si\u0119 w mini muzeum, w kt\u00f3rym znalaz\u0142y si\u0119 eksponaty z epoki przyniesione przez uczni\u00f3w i nauczycieli, m.in. adapter Bambino czy pa\u0142ka i kask milicyjny, kt\u00f3re cieszy\u0142y si\u0119 najwi\u0119kszym zainteresowaniem. By\u0142y r\u00f3wnie\u017c telefony, syfon, projektor do bajek, banknoty i&nbsp;monety, stare zeszyty szkolne oraz gazety i czasopisma takie jak \u201eTrybuna Ludu\u201d czy \u201ePrzyjaci\u00f3\u0142ka\u201d. Ponadto uczniowie byli zaanga\u017cowani w r\u00f3\u017cne aktywno\u015bci: rozwi\u0105zywali quizy i&nbsp;s\u0142uchali \u00f3wczesnej muzyki. Na podr\u00f3\u017c w czasie do PRL zaprosili tak\u017ce swoich dziadk\u00f3w i&nbsp;rodzic\u00f3w, z kt\u00f3rymi przygotowali i nagrali interesuj\u0105ce wywiady na temat \u017cycia w tamtych latach.<\/span><\/p>\n<p><span style=\"color: #000000;\">Na koniec projektu utrwalali wiedz\u0119 metod\u0105 poster pillar (s\u0142up og\u0142oszeniowy). Zespo\u0142y zajmowa\u0142y si\u0119 przydzielonymi zagadnieniami: \u201ePowstanie <strong><em>Solidarno\u015bci<\/em><\/strong>\u201d, \u201eStan wojenny i kultura PRL\u201d.<\/span><\/p>\n<p><span style=\"color: #000000;\">Ca\u0142e przedsi\u0119wzi\u0119cie okaza\u0142o si\u0119 wspania\u0142\u0105 historyczn\u0105 przygod\u0105.<\/span><\/p>\nngg_shortcode_0_placeholder\n","protected":false},"excerpt":{"rendered":"<p>&#46;&#46;&#46;<\/p>\n","protected":false},"author":4,"featured_media":6013,"comment_status":"open","ping_status":"open","sticky":false,"template":"","format":"standard","meta":{"ngg_post_thumbnail":0,"footnotes":""},"categories":[1],"tags":[],"class_list":["post-6012","post","type-post","status-publish","format-standard","has-post-thumbnail","hentry","category-wiadomosci"],"_links":{"self":[{"href":"https:\/\/sp22.pl\/nowa\/index.php\/wp-json\/wp\/v2\/posts\/6012","targetHints":{"allow":["GET"]}}],"collection":[{"href":"https:\/\/sp22.pl\/nowa\/index.php\/wp-json\/wp\/v2\/posts"}],"about":[{"href":"https:\/\/sp22.pl\/nowa\/index.php\/wp-json\/wp\/v2\/types\/post"}],"author":[{"embeddable":true,"href":"https:\/\/sp22.pl\/nowa\/index.php\/wp-json\/wp\/v2\/users\/4"}],"replies":[{"embeddable":true,"href":"https:\/\/sp22.pl\/nowa\/index.php\/wp-json\/wp\/v2\/comments?post=6012"}],"version-history":[{"count":1,"href":"https:\/\/sp22.pl\/nowa\/index.php\/wp-json\/wp\/v2\/posts\/6012\/revisions"}],"predecessor-version":[{"id":6014,"href":"https:\/\/sp22.pl\/nowa\/index.php\/wp-json\/wp\/v2\/posts\/6012\/revisions\/6014"}],"wp:featuredmedia":[{"embeddable":true,"href":"https:\/\/sp22.pl\/nowa\/index.php\/wp-json\/wp\/v2\/media\/6013"}],"wp:attachment":[{"href":"https:\/\/sp22.pl\/nowa\/index.php\/wp-json\/wp\/v2\/media?parent=6012"}],"wp:term":[{"taxonomy":"category","embeddable":true,"href":"https:\/\/sp22.pl\/nowa\/index.php\/wp-json\/wp\/v2\/categories?post=6012"},{"taxonomy":"post_tag","embeddable":true,"href":"https:\/\/sp22.pl\/nowa\/index.php\/wp-json\/wp\/v2\/tags?post=6012"}],"curies":[{"name":"wp","href":"https:\/\/api.w.org\/{rel}","templated":true}]}}