{"id":5991,"date":"2024-05-30T12:39:02","date_gmt":"2024-05-30T10:39:02","guid":{"rendered":"https:\/\/sp22.pl\/nowa\/?p=5991"},"modified":"2024-05-30T12:42:27","modified_gmt":"2024-05-30T10:42:27","slug":"miasteczko-malki","status":"publish","type":"post","link":"https:\/\/sp22.pl\/nowa\/index.php\/2024\/05\/30\/miasteczko-malki\/","title":{"rendered":"Miasteczko Malki"},"content":{"rendered":"<p><span style=\"color: #000000;\">23 kwietnia klasa 6f uczestniczy\u0142a w zaj\u0119ciach przeprowadzonych przez Pani\u0105 Monik\u0119 Chojnack\u0105- edukatork\u0119 z Muzeum \u017byd\u00f3w Polskich \u201ePolin\u201d. Uczniowie, w atrakcyjny i aktywny spos\u00f3b, poznawali kultur\u0119, obyczaje i histori\u0119 polskich \u017byd\u00f3w, przenosz\u0105c si\u0119 w czasie do&nbsp;\u201eMiasteczka Malki\u201d, b\u0119d\u0105cego g\u0142\u00f3wn\u0105 scen\u0105 gry narracyjnej, ukazuj\u0105cej codzienne \u017cycie dawnych, wielokulturowych spo\u0142eczno\u015bci zamieszkuj\u0105cych liczne polskie miejscowo\u015bci.<\/span><\/p>\n<p><span style=\"color: #000000;\">Uczestnicy zaj\u0119\u0107, podzieleni na grupy, w\u0119drowali r\u00f3\u017cnymi trasami miasteczka. Mieli okazj\u0119 zajrze\u0107 do&nbsp;\u017cydowskiego domu i synagogi, sprawdzi\u0107, czym pachnie szabat, dowiedzie\u0107 si\u0119, czym s\u0105 macewy, czy zagra\u0107 w \u017cydowskie drejdle.<\/span><\/p>\n<p><span style=\"color: #000000;\">Te niezwykle ciekawe zaj\u0119cia po\u0142\u0105czone by\u0142y ze szkoleniem dla nauczycieli i odby\u0142y si\u0119 w ramach szkolnej akcji \u201e\u017bONKILE\u201d. Podr\u00f3\u017c do miasteczka Malki okaza\u0142a si\u0119 fascynuj\u0105cym \u017ar\u00f3d\u0142em wiedzy oraz okazj\u0105 do kreatywnego dzia\u0142ania. Pobudzi\u0142a ciekawo\u015b\u0107 poznawcz\u0105 i zach\u0119ci\u0142a wszystkich bior\u0105cych udzia\u0142 w projekcie do bli\u017cszego poznania lokalnej historii zwi\u0105zanej z \u017cyciem ludno\u015bci \u017cydowskiej. Zatem nast\u0119pn\u0105 podr\u00f3\u017c odb\u0119dziemy przez P\u0142ock, kt\u00f3rego ju\u017c nie ma, i odwiedzimy miejsca, zwi\u0105zane z dawn\u0105 \u017cydowsk\u0105 spo\u0142eczno\u015bci\u0105 naszego miasta.<\/span><\/p>\nngg_shortcode_0_placeholder\n","protected":false},"excerpt":{"rendered":"<p>&#46;&#46;&#46;<\/p>\n","protected":false},"author":4,"featured_media":5992,"comment_status":"open","ping_status":"open","sticky":false,"template":"","format":"standard","meta":{"ngg_post_thumbnail":0,"footnotes":""},"categories":[1],"tags":[],"class_list":["post-5991","post","type-post","status-publish","format-standard","has-post-thumbnail","hentry","category-wiadomosci"],"_links":{"self":[{"href":"https:\/\/sp22.pl\/nowa\/index.php\/wp-json\/wp\/v2\/posts\/5991","targetHints":{"allow":["GET"]}}],"collection":[{"href":"https:\/\/sp22.pl\/nowa\/index.php\/wp-json\/wp\/v2\/posts"}],"about":[{"href":"https:\/\/sp22.pl\/nowa\/index.php\/wp-json\/wp\/v2\/types\/post"}],"author":[{"embeddable":true,"href":"https:\/\/sp22.pl\/nowa\/index.php\/wp-json\/wp\/v2\/users\/4"}],"replies":[{"embeddable":true,"href":"https:\/\/sp22.pl\/nowa\/index.php\/wp-json\/wp\/v2\/comments?post=5991"}],"version-history":[{"count":1,"href":"https:\/\/sp22.pl\/nowa\/index.php\/wp-json\/wp\/v2\/posts\/5991\/revisions"}],"predecessor-version":[{"id":5993,"href":"https:\/\/sp22.pl\/nowa\/index.php\/wp-json\/wp\/v2\/posts\/5991\/revisions\/5993"}],"wp:featuredmedia":[{"embeddable":true,"href":"https:\/\/sp22.pl\/nowa\/index.php\/wp-json\/wp\/v2\/media\/5992"}],"wp:attachment":[{"href":"https:\/\/sp22.pl\/nowa\/index.php\/wp-json\/wp\/v2\/media?parent=5991"}],"wp:term":[{"taxonomy":"category","embeddable":true,"href":"https:\/\/sp22.pl\/nowa\/index.php\/wp-json\/wp\/v2\/categories?post=5991"},{"taxonomy":"post_tag","embeddable":true,"href":"https:\/\/sp22.pl\/nowa\/index.php\/wp-json\/wp\/v2\/tags?post=5991"}],"curies":[{"name":"wp","href":"https:\/\/api.w.org\/{rel}","templated":true}]}}