{"id":5334,"date":"2024-03-25T19:32:58","date_gmt":"2024-03-25T18:32:58","guid":{"rendered":"https:\/\/sp22.pl\/nowa\/?p=5334"},"modified":"2024-04-15T08:07:36","modified_gmt":"2024-04-15T06:07:36","slug":"rozstrzygniecie-xxii-powiatowego-konkursu-literackiego-pisze-ksiazke","status":"publish","type":"post","link":"https:\/\/sp22.pl\/nowa\/index.php\/2024\/03\/25\/rozstrzygniecie-xxii-powiatowego-konkursu-literackiego-pisze-ksiazke\/","title":{"rendered":"Rozstrzygni\u0119cie XXII Powiatowego Konkursu Literackiego &#8222;Pisz\u0119 ksi\u0105\u017ck\u0119&#8221;"},"content":{"rendered":"<p style=\"text-align: left;\"><span style=\"font-family: Arial, serif; color: #000000;\">Za nami fina\u0142 22. edycji Powiatowego Konkursu Literackiego \u201ePisz\u0119 ksi\u0105\u017ck\u0119\u201d.<br \/>\nW tym roku, podobnie jak w latach ubieg\u0142ych, nap\u0142yn\u0119\u0142o kilkadziesi\u0105t niezwyk\u0142ych, wyj\u0105tkowych prac, kt\u00f3rych autorzy zadbali nie tylko o ciekaw\u0105 tre\u015b\u0107, ale tak\u017ce o atrakcyjno\u015b\u0107 ksi\u0105\u017cki jako ca\u0142o\u015bci. Tematyka i forma prac jest bardzo r\u00f3\u017cnorodna. Inspiracj\u0119 stanowi\u0142y tematy bliskie m\u0142odemu cz\u0142owiekowi: marzenia, przyja\u017anie, podr\u00f3\u017ce, osobiste prze\u017cycia i ekscytuj\u0105ce przygody. Obok w\u0105tk\u00f3w kryminalnych pojawi\u0142y si\u0119 elementy fantasy, a humor przeplata\u0142 si\u0119 z tematami sk\u0142aniaj\u0105cymi do refleksji. Uwag\u0119 jury zwr\u00f3ci\u0142y niebanalne ilustracje i ciekawie zaprojektowane ok\u0142adki. Wszystko to zale\u017ca\u0142o wy\u0142\u0105cznie od inwencji tw\u00f3rczej autora.<\/span><\/p>\n<p style=\"text-align: left;\"><span style=\"font-family: Arial, serif; color: #000000;\">Wspaniale jest widzie\u0107, \u017ce niekt\u00f3rzy z uczestnik\u00f3w, po udanym debiucie w poprzednich edycjach konkursu, podejmuj\u0105 kolejne literackie wyzwania i wracaj\u0105 z nowymi, jeszcze lepszymi pomys\u0142ami. Wsp\u00f3lnie ze Stowarzyszeniem TRAKT, partnerem konkursu, dbamy o to, aby stworzy\u0107 przestrze\u0144 dla wszystkich, kt\u00f3rzy chc\u0105 spr\u00f3bowa\u0107 swoich si\u0142 w tw\u00f3rczo\u015bci literackiej. Dostrzegamy i promujemy talenty. I z wielk\u0105 przyjemno\u015bci\u0105 nagradzamy \ud83d\ude42<\/span><\/p>\n<p style=\"text-align: left;\"><span style=\"font-family: Arial, serif; color: #000000;\">Honorowy patronat nad wydarzeniem, podobnie jak w latach ubieg\u0142ych, obj\u0119\u0142a Ksi\u0105\u017cnica P\u0142ocka. W tym roku jako patron do\u0142\u0105czy\u0142 r\u00f3wnie\u017c MSCDN, za\u015b patronat medialny zapewni\u0142 \u201eTygodnik P\u0142ocki\u201d. <\/span><\/p>\n<p style=\"text-align: center;\"><a href=\"https:\/\/sp22.pl\/nowa\/wp-content\/uploads\/Pliki\/Do_pobrania_static\/Tworzenie%20strony%20www\/Dokumenty%20szkolne\/Protok%C3%B3%C5%82_XXII_Pisz%C4%99_Ksi%C4%85%C5%BCk%C4%99.pdf\"><span style=\"color: #000000;\">Protok\u00f3\u0142 posiedzenia jury XXII Powiatowego Konkursu Literackiego &#8222;Pisz\u0119 ksi\u0105\u017ck\u0119&#8221; \/PDF 592KB\/<\/span><\/a><\/p>\n<p style=\"text-align: center;\"><a href=\"https:\/\/krdp.fm\/gosc-poranka-plock-j-banasiak-laureatki-konkursu-pisze-ksiazke-12-04-2024-krdp-fm\/\"><span style=\"color: #000000;\">Wywiad w KRDP z laureatkami 22. edycji &#8222;Pisz\u0119 ksi\u0105\u017ck\u0119&#8221;<\/span><\/a><\/p>\n<p><a href=\"https:\/\/krdp.fm\/gosc-poranka-plock-j-banasiak-laureatki-konkursu-pisze-ksiazke-12-04-2024-krdp-fm\/\"><img loading=\"lazy\" decoding=\"async\" class=\"wp-image-5543  aligncenter\" src=\"https:\/\/sp22.pl\/nowa\/wp-content\/uploads\/2024\/03\/wywiad_radio_pisze-ksiazke-1024x407.png\" alt=\"\" width=\"537\" height=\"213\" srcset=\"https:\/\/sp22.pl\/nowa\/wp-content\/uploads\/2024\/03\/wywiad_radio_pisze-ksiazke-1024x407.png 1024w, https:\/\/sp22.pl\/nowa\/wp-content\/uploads\/2024\/03\/wywiad_radio_pisze-ksiazke-300x119.png 300w, https:\/\/sp22.pl\/nowa\/wp-content\/uploads\/2024\/03\/wywiad_radio_pisze-ksiazke-768x305.png 768w, https:\/\/sp22.pl\/nowa\/wp-content\/uploads\/2024\/03\/wywiad_radio_pisze-ksiazke.png 1340w\" sizes=\"auto, (max-width: 537px) 100vw, 537px\" \/><\/a>&nbsp;<\/p>\nngg_shortcode_0_placeholder\n","protected":false},"excerpt":{"rendered":"<p>&#46;&#46;&#46;<\/p>\n","protected":false},"author":4,"featured_media":5335,"comment_status":"open","ping_status":"open","sticky":false,"template":"","format":"standard","meta":{"ngg_post_thumbnail":0,"footnotes":""},"categories":[1],"tags":[],"class_list":["post-5334","post","type-post","status-publish","format-standard","has-post-thumbnail","hentry","category-wiadomosci"],"_links":{"self":[{"href":"https:\/\/sp22.pl\/nowa\/index.php\/wp-json\/wp\/v2\/posts\/5334","targetHints":{"allow":["GET"]}}],"collection":[{"href":"https:\/\/sp22.pl\/nowa\/index.php\/wp-json\/wp\/v2\/posts"}],"about":[{"href":"https:\/\/sp22.pl\/nowa\/index.php\/wp-json\/wp\/v2\/types\/post"}],"author":[{"embeddable":true,"href":"https:\/\/sp22.pl\/nowa\/index.php\/wp-json\/wp\/v2\/users\/4"}],"replies":[{"embeddable":true,"href":"https:\/\/sp22.pl\/nowa\/index.php\/wp-json\/wp\/v2\/comments?post=5334"}],"version-history":[{"count":8,"href":"https:\/\/sp22.pl\/nowa\/index.php\/wp-json\/wp\/v2\/posts\/5334\/revisions"}],"predecessor-version":[{"id":5545,"href":"https:\/\/sp22.pl\/nowa\/index.php\/wp-json\/wp\/v2\/posts\/5334\/revisions\/5545"}],"wp:featuredmedia":[{"embeddable":true,"href":"https:\/\/sp22.pl\/nowa\/index.php\/wp-json\/wp\/v2\/media\/5335"}],"wp:attachment":[{"href":"https:\/\/sp22.pl\/nowa\/index.php\/wp-json\/wp\/v2\/media?parent=5334"}],"wp:term":[{"taxonomy":"category","embeddable":true,"href":"https:\/\/sp22.pl\/nowa\/index.php\/wp-json\/wp\/v2\/categories?post=5334"},{"taxonomy":"post_tag","embeddable":true,"href":"https:\/\/sp22.pl\/nowa\/index.php\/wp-json\/wp\/v2\/tags?post=5334"}],"curies":[{"name":"wp","href":"https:\/\/api.w.org\/{rel}","templated":true}]}}