{"id":5231,"date":"2024-03-20T04:03:25","date_gmt":"2024-03-20T03:03:25","guid":{"rendered":"https:\/\/sp22.pl\/nowa\/?p=5231"},"modified":"2024-03-21T04:38:40","modified_gmt":"2024-03-21T03:38:40","slug":"iii-konferencja-naukowa-prawidla-zycia-wczoraj-i-dzis-2","status":"publish","type":"post","link":"https:\/\/sp22.pl\/nowa\/index.php\/2024\/03\/20\/iii-konferencja-naukowa-prawidla-zycia-wczoraj-i-dzis-2\/","title":{"rendered":"III Konferencja Naukowa &#8222;Prawid\u0142a \u017bycia Wczoraj i Dzi\u015b&#8221;"},"content":{"rendered":"<p><span style=\"color: #000000;\"><span style=\"font-family: Calibri, serif;\"><span style=\"font-size: medium;\"><span style=\"font-family: Arial, sans-serif;\">W pi\u0105tek 23 lutego w naszej szkole odby\u0142a si\u0119 III konferencja naukowa pt. \u201ePrawid\u0142a \u017cycia wczoraj i dzi\u015b\u201d. <\/span><\/span><\/span><\/span><\/p>\n<p><span style=\"color: #000000;\"><span style=\"font-family: Calibri, serif;\"><span style=\"font-size: medium;\"><span style=\"font-family: Arial, sans-serif;\">Celem konferencji by\u0142o popularyzowanie my\u015bli Janusza Korczaka, refleksja nad recepcj\u0105 Jego idei we wsp\u00f3\u0142czesnym \u015bwiecie, a tak\u017ce ukazanie aktualnej kondycji przestrzegania zalece\u0144 dotycz\u0105cych dbania o uczucia i bezpiecze\u0144stwo dziecka.<\/span> <\/span><\/span><\/span><\/p>\n<p><span style=\"color: #000000;\"><span style=\"font-family: Calibri, serif;\"><span style=\"font-size: medium;\"><span style=\"font-family: Arial, sans-serif;\">Przedsi\u0119wzi\u0119cie, skierowane do os\u00f3b, kt\u00f3re maj\u0105 bezpo\u015bredni i po\u015bredni wp\u0142yw na wychowanie dzieci i m\u0142odzie\u017cy, przyci\u0105gn\u0119\u0142o rzesze zainteresowanych. <\/span><span style=\"font-family: Arial, sans-serif;\">Wzi\u0119\u0142a w nim udzia\u0142 m. in. pos\u0142anka El\u017cbieta Gapi\u0144ska oraz Marek Michalak,<\/span><span style=\"font-family: Arial, sans-serif;\"> by\u0142y Rzecznik Praw Dziecka.<\/span><span style=\"font-family: Arial, sans-serif;\"> Ponadto <\/span><span style=\"font-family: Arial, sans-serif;\">swoj\u0105 wiedz\u0105 i do\u015bwiadczeniem, wpisuj\u0105cym si\u0119 w tematyk\u0119 <\/span><span style=\"font-family: Arial, sans-serif;\">konferencji<\/span><span style=\"font-family: Arial, sans-serif;\">, podzielili si\u0119: dr <\/span><span style=\"font-family: Arial, sans-serif;\">Sylwia R\u00f3\u017cycka-Jaro\u015b,<\/span><b> <\/b><span style=\"font-family: Arial, sans-serif;\">adwokat, wyk\u0142adowca Uniwersytetu Warszawskiego, psycholog i terapeutka <\/span><span style=\"font-family: Arial, sans-serif;\">Marta Skierkowska z <\/span><span style=\"font-family: Arial, sans-serif;\">Fundacji Dajemy Dzieciom Si\u0142\u0119, <\/span><span style=\"font-family: Arial, sans-serif;\">dr hab., prof. Akademii Mazowieckiej<\/span><b> <\/b><span style=\"font-family: Arial, sans-serif;\">Beata Cie\u015ble\u0144ska oraz dyrektor szko\u0142y Janusz Banasiak.<\/span><\/span><\/span><\/span><\/p>\n<p><span style=\"color: #000000;\"><span style=\"font-family: Arial, sans-serif;\"><span style=\"font-size: medium;\">Nad przygotowaniem tego bardzo udanego i interesuj\u0105cego wydarzenia czuwa\u0142a Emilia Heljasi\u0144ska-Schmidt.<\/span><\/span><\/span><\/p>\n<p><span style=\"color: #000000;\"><span style=\"font-family: Arial, sans-serif;\"><span style=\"font-size: medium;\">Honorowy patronat nad wydarzeniem obj\u0105\u0142 Prezydent Miasta P\u0142ocka Andrzej Nowakowski.<\/span><\/span><\/span><\/p>\n<p><em><span style=\"font-family: Arial, sans-serif;\"><span style=\"font-size: medium;\">Fot. Marta Szumska<\/span><\/span><\/em><\/p>\nngg_shortcode_0_placeholder\n","protected":false},"excerpt":{"rendered":"<p>&#46;&#46;&#46;<\/p>\n","protected":false},"author":4,"featured_media":5232,"comment_status":"open","ping_status":"open","sticky":false,"template":"","format":"standard","meta":{"ngg_post_thumbnail":0,"footnotes":""},"categories":[1],"tags":[],"class_list":["post-5231","post","type-post","status-publish","format-standard","has-post-thumbnail","hentry","category-wiadomosci"],"_links":{"self":[{"href":"https:\/\/sp22.pl\/nowa\/index.php\/wp-json\/wp\/v2\/posts\/5231","targetHints":{"allow":["GET"]}}],"collection":[{"href":"https:\/\/sp22.pl\/nowa\/index.php\/wp-json\/wp\/v2\/posts"}],"about":[{"href":"https:\/\/sp22.pl\/nowa\/index.php\/wp-json\/wp\/v2\/types\/post"}],"author":[{"embeddable":true,"href":"https:\/\/sp22.pl\/nowa\/index.php\/wp-json\/wp\/v2\/users\/4"}],"replies":[{"embeddable":true,"href":"https:\/\/sp22.pl\/nowa\/index.php\/wp-json\/wp\/v2\/comments?post=5231"}],"version-history":[{"count":2,"href":"https:\/\/sp22.pl\/nowa\/index.php\/wp-json\/wp\/v2\/posts\/5231\/revisions"}],"predecessor-version":[{"id":5244,"href":"https:\/\/sp22.pl\/nowa\/index.php\/wp-json\/wp\/v2\/posts\/5231\/revisions\/5244"}],"wp:featuredmedia":[{"embeddable":true,"href":"https:\/\/sp22.pl\/nowa\/index.php\/wp-json\/wp\/v2\/media\/5232"}],"wp:attachment":[{"href":"https:\/\/sp22.pl\/nowa\/index.php\/wp-json\/wp\/v2\/media?parent=5231"}],"wp:term":[{"taxonomy":"category","embeddable":true,"href":"https:\/\/sp22.pl\/nowa\/index.php\/wp-json\/wp\/v2\/categories?post=5231"},{"taxonomy":"post_tag","embeddable":true,"href":"https:\/\/sp22.pl\/nowa\/index.php\/wp-json\/wp\/v2\/tags?post=5231"}],"curies":[{"name":"wp","href":"https:\/\/api.w.org\/{rel}","templated":true}]}}