{"id":5068,"date":"2024-02-19T11:16:16","date_gmt":"2024-02-19T10:16:16","guid":{"rendered":"http:\/\/sp22.pl\/nowa\/?p=5068"},"modified":"2024-03-03T12:58:38","modified_gmt":"2024-03-03T11:58:38","slug":"bal-karnawalowy-klas-1-3","status":"publish","type":"post","link":"https:\/\/sp22.pl\/nowa\/index.php\/2024\/02\/19\/bal-karnawalowy-klas-1-3\/","title":{"rendered":"Bal karnawa\u0142owy klas 1-3"},"content":{"rendered":"<p><span style=\"font-family: Arial, sans-serif; color: #000000;\">Ju\u017c karnawa\u0142 w\u0142o\u017cy\u0142 mask\u0119,<\/span><\/p>\n<p><span style=\"font-family: Arial, sans-serif; color: #000000;\">Drzwi otworzy\u0142 z hukiem,<\/span><\/p>\n<p><span style=\"font-family: Arial, sans-serif; color: #000000;\">z trzaskiem!<\/span><\/p>\n<p><span style=\"font-family: Arial, sans-serif; color: #000000;\">Wpad\u0142 jak wicher do pokoju.<\/span><\/p>\n<p><span style=\"font-family: Arial, sans-serif; color: #000000;\">W czym?<\/span><\/p>\n<p><span style=\"font-family: Arial, sans-serif; color: #000000;\">W karnawa\u0142owym stroju!<\/span><\/p>\n<p><span style=\"font-family: Arial, sans-serif; color: #000000;\">&#8211; Cze\u015b\u0107!<\/span><\/p>\n<p><span style=\"font-family: Arial, sans-serif; color: #000000;\">Przybieg\u0142em w odwiedziny!<\/span><\/p>\n<p><span style=\"font-family: Arial, sans-serif; color: #000000;\">Mam wst\u0105\u017ceczki i cekiny,<\/span><\/p>\n<p><span style=\"font-family: Arial, sans-serif; color: #000000;\">I do ta\u0144ca ZAPROSZENIE!\u201d<\/span><\/p>\n<p><span style=\"color: #000000;\"><em>\u201e<\/em><span style=\"font-family: Arial, sans-serif;\"><em>W karnawale\u201d Dorota Gellner<\/em> <\/span><\/span><\/p>\n<p>&nbsp;<\/p>\n<p><span style=\"font-family: Arial, sans-serif; color: #000000;\">3 lutego 2024r. w Szkole Podstawowej nr 22 w P\u0142ocku odby\u0142 si\u0119 bal karnawa\u0142owy. <\/span><\/p>\n<p><span style=\"font-family: Arial, sans-serif; color: #000000;\">W tym roku Uczniowie wykazali si\u0119 ogromn\u0105 kreatywno\u015bci\u0105 i pomys\u0142owo\u015bci\u0105 w kwestii tworzenia stroj\u00f3w balowych. Podczas tanecznej zabawy mogli\u015bmy spotka\u0107 wielu superbohater\u00f3w, takich jak: Spider-Man, Batman, policjanci i policjantki czy stra\u017cacy. Nie zabrak\u0142o r\u00f3wnie\u017c postaci z bajek i z popularnych w\u015br\u00f3d Dzieci gier. <\/span><\/p>\n<p><span style=\"font-family: Arial, sans-serif; color: #000000;\"> Sala gimnastyczna zamieni\u0142a si\u0119 tego dnia w prawdziw\u0105 sal\u0119 balow\u0105! Dzi\u0119ki naszemu niezawodnemu DJ-owi, panu Piotrowi Wilickiemu, ta\u0144com i \u015bpiewom nie by\u0142o ko\u0144ca. Bardzo dzi\u0119kujemy!<\/span><\/p>\n<p><span style=\"font-family: Arial, sans-serif; color: #000000;\"> A wi\u0119c&#8230; Prze\u017cyjmy to jeszcze raz, ogl\u0105daj\u0105c zdj\u0119cia. Niech \u017cyje bal! I do zobaczenia za rok!<\/span><\/p>\n<p>ngg_shortcode_0_placeholder<span style=\"color: #000000;\"><span style=\"font-family: Arial, sans-serif;\">Organizatorzy: <\/span><span style=\"font-family: Arial, sans-serif;\">Natalia Szwech, Magdalena Stefa\u0144ska, Marta Kapu\u015bci\u0144ska, El\u017cbieta Wi\u015bniewska, Anna Kowalska<\/span><\/span><\/p>\n<p><span style=\"color: #000000;\"><span style=\"font-family: Arial, sans-serif;\">Fotograf: <\/span><span style=\"font-family: Arial, sans-serif;\">Marta Szumska<\/span><\/span><\/p>\n<pre><span style=\"font-family: Arial, sans-serif;\">&nbsp;<\/span><\/pre>\n","protected":false},"excerpt":{"rendered":"<p>&#46;&#46;&#46;<\/p>\n","protected":false},"author":4,"featured_media":5069,"comment_status":"open","ping_status":"open","sticky":false,"template":"","format":"standard","meta":{"ngg_post_thumbnail":0,"footnotes":""},"categories":[1],"tags":[],"class_list":["post-5068","post","type-post","status-publish","format-standard","has-post-thumbnail","hentry","category-wiadomosci"],"_links":{"self":[{"href":"https:\/\/sp22.pl\/nowa\/index.php\/wp-json\/wp\/v2\/posts\/5068","targetHints":{"allow":["GET"]}}],"collection":[{"href":"https:\/\/sp22.pl\/nowa\/index.php\/wp-json\/wp\/v2\/posts"}],"about":[{"href":"https:\/\/sp22.pl\/nowa\/index.php\/wp-json\/wp\/v2\/types\/post"}],"author":[{"embeddable":true,"href":"https:\/\/sp22.pl\/nowa\/index.php\/wp-json\/wp\/v2\/users\/4"}],"replies":[{"embeddable":true,"href":"https:\/\/sp22.pl\/nowa\/index.php\/wp-json\/wp\/v2\/comments?post=5068"}],"version-history":[{"count":3,"href":"https:\/\/sp22.pl\/nowa\/index.php\/wp-json\/wp\/v2\/posts\/5068\/revisions"}],"predecessor-version":[{"id":5072,"href":"https:\/\/sp22.pl\/nowa\/index.php\/wp-json\/wp\/v2\/posts\/5068\/revisions\/5072"}],"wp:featuredmedia":[{"embeddable":true,"href":"https:\/\/sp22.pl\/nowa\/index.php\/wp-json\/wp\/v2\/media\/5069"}],"wp:attachment":[{"href":"https:\/\/sp22.pl\/nowa\/index.php\/wp-json\/wp\/v2\/media?parent=5068"}],"wp:term":[{"taxonomy":"category","embeddable":true,"href":"https:\/\/sp22.pl\/nowa\/index.php\/wp-json\/wp\/v2\/categories?post=5068"},{"taxonomy":"post_tag","embeddable":true,"href":"https:\/\/sp22.pl\/nowa\/index.php\/wp-json\/wp\/v2\/tags?post=5068"}],"curies":[{"name":"wp","href":"https:\/\/api.w.org\/{rel}","templated":true}]}}