{"id":4999,"date":"2023-12-11T19:15:56","date_gmt":"2023-12-11T18:15:56","guid":{"rendered":"http:\/\/sp22.pl\/nowa\/?p=4999"},"modified":"2024-02-18T19:30:10","modified_gmt":"2024-02-18T18:30:10","slug":"przeglad-tworczosci-osob-z-niepelnosprawnosciami","status":"publish","type":"post","link":"https:\/\/sp22.pl\/nowa\/index.php\/2023\/12\/11\/przeglad-tworczosci-osob-z-niepelnosprawnosciami\/","title":{"rendered":"Przegl\u0105d Tw\u00f3rczo\u015bci Os\u00f3b z Niepe\u0142nosprawno\u015bciami"},"content":{"rendered":"<p align=\"LEFT\"><span style=\"font-family: Arial, sans-serif; color: #000000;\"><span style=\"font-size: medium;\">7 grudnia 2023 roku w siedzibie P\u0142ockiego O\u015brodka Kultury i Sztuki im. Themerson\u00f3w, w ramach miejskich obchod\u00f3w Mi\u0119dzynarodowego Dnia Os\u00f3b z Niepe\u0142nosprawno\u015bciami, odby\u0142 si\u0119 przegl\u0105d tw\u00f3rczo\u015bci, w kt\u00f3rym swoje umiej\u0119tno\u015bci artystyczne prezentowa\u0142y dzieci, m\u0142odzie\u017c oraz&nbsp;doro\u015bli z p\u0142ockich plac\u00f3wek integracyjnych i specjalnych. <\/span><\/span><\/p>\n<p align=\"LEFT\"><span style=\"font-family: Arial, sans-serif; color: #000000;\"><span style=\"font-size: medium;\">Nasz\u0105 Szko\u0142\u0119 reprezentowali uczniowie klasy 4a i 6a, kt\u00f3rzy zaprezentowali, do piosenki \u201eKochany Panie Miko\u0142aju\u201d, improwizacj\u0119 ruchow\u0105 oraz, do melodii ze \u015bcie\u017cki d\u017awi\u0119kowej z filmu \u201eKraina Lodu\u201d, uk\u0142ad taneczny.<\/span><\/span><\/p>\n<p align=\"LEFT\"><span style=\"font-family: Arial, sans-serif; color: #000000;\"><span style=\"font-size: medium;\">Wyst\u0119p ten, przygotowany pod kierunkiem p. Anny Kowalskiej i p. Anny Werner, zyska\u0142 uznanie publiczno\u015bci, kt\u00f3ra nagrodzi\u0142a wykonawc\u00f3w gromkimi brawami.<\/span><\/span><\/p>\n<p align=\"LEFT\"><span style=\"font-family: Arial, sans-serif; color: #000000;\"><span style=\"font-size: medium;\">W przerwach pomi\u0119dzy kolejnymi pokazami prowadz\u0105cy spotkanie konferansjerzy zapewniali uczestnikom wspania\u0142\u0105 wsp\u00f3ln\u0105 zabaw\u0119. <\/span><\/span><span style=\"font-family: Arial, sans-serif; color: #000000;\"><span style=\"font-size: medium;\">Nie zabrak\u0142o te\u017c \u015bwi\u0105tecznych upomink\u00f3w, s\u0142\u00f3w uznania oraz podzi\u0119kowa\u0144, kt\u00f3rych autorami byli: Rzecznik Os\u00f3b z Niepe\u0142nosprawno\u015bciami \u2013 p. Anna Go\u0142\u0119biewska oraz, przebrany za \u015bw. Miko\u0142aja, Prezydent Miasta P\u0142ocka \u2013 p. Andrzej Nowakowski.<\/span><\/span><\/p>\n<p align=\"LEFT\"><span style=\"font-family: Arial, sans-serif; color: #000000;\"><span style=\"font-size: medium;\">Wspania\u0142\u0105 pami\u0105tk\u0105 tego spotkania by\u0142y wykonane na koniec uroczysto\u015bci zdj\u0119cia.<\/span><\/span><\/p>\nngg_shortcode_0_placeholder\n","protected":false},"excerpt":{"rendered":"<p>&#46;&#46;&#46;<\/p>\n","protected":false},"author":4,"featured_media":5000,"comment_status":"open","ping_status":"open","sticky":false,"template":"","format":"standard","meta":{"ngg_post_thumbnail":0,"footnotes":""},"categories":[1],"tags":[],"class_list":["post-4999","post","type-post","status-publish","format-standard","has-post-thumbnail","hentry","category-wiadomosci"],"_links":{"self":[{"href":"https:\/\/sp22.pl\/nowa\/index.php\/wp-json\/wp\/v2\/posts\/4999","targetHints":{"allow":["GET"]}}],"collection":[{"href":"https:\/\/sp22.pl\/nowa\/index.php\/wp-json\/wp\/v2\/posts"}],"about":[{"href":"https:\/\/sp22.pl\/nowa\/index.php\/wp-json\/wp\/v2\/types\/post"}],"author":[{"embeddable":true,"href":"https:\/\/sp22.pl\/nowa\/index.php\/wp-json\/wp\/v2\/users\/4"}],"replies":[{"embeddable":true,"href":"https:\/\/sp22.pl\/nowa\/index.php\/wp-json\/wp\/v2\/comments?post=4999"}],"version-history":[{"count":1,"href":"https:\/\/sp22.pl\/nowa\/index.php\/wp-json\/wp\/v2\/posts\/4999\/revisions"}],"predecessor-version":[{"id":5001,"href":"https:\/\/sp22.pl\/nowa\/index.php\/wp-json\/wp\/v2\/posts\/4999\/revisions\/5001"}],"wp:featuredmedia":[{"embeddable":true,"href":"https:\/\/sp22.pl\/nowa\/index.php\/wp-json\/wp\/v2\/media\/5000"}],"wp:attachment":[{"href":"https:\/\/sp22.pl\/nowa\/index.php\/wp-json\/wp\/v2\/media?parent=4999"}],"wp:term":[{"taxonomy":"category","embeddable":true,"href":"https:\/\/sp22.pl\/nowa\/index.php\/wp-json\/wp\/v2\/categories?post=4999"},{"taxonomy":"post_tag","embeddable":true,"href":"https:\/\/sp22.pl\/nowa\/index.php\/wp-json\/wp\/v2\/tags?post=4999"}],"curies":[{"name":"wp","href":"https:\/\/api.w.org\/{rel}","templated":true}]}}