{"id":4981,"date":"2023-12-09T18:44:48","date_gmt":"2023-12-09T17:44:48","guid":{"rendered":"http:\/\/sp22.pl\/nowa\/?p=4981"},"modified":"2024-02-18T19:00:12","modified_gmt":"2024-02-18T18:00:12","slug":"wszyscy-razem","status":"publish","type":"post","link":"https:\/\/sp22.pl\/nowa\/index.php\/2023\/12\/09\/wszyscy-razem\/","title":{"rendered":"Wszyscy Razem"},"content":{"rendered":"<p align=\"LEFT\"><span style=\"font-family: Arial, sans-serif; color: #000000;\"><span style=\"font-size: medium;\">3 grudnia, na ca\u0142ym \u015bwiecie, obchodzony jest Mi\u0119dzynarodowy Dzie\u0144 Os\u00f3b <\/span><\/span><span style=\"font-family: Arial, sans-serif; color: #000000;\"><span style=\"font-size: medium;\">z Niepe\u0142nosprawno\u015bciami, ustanowiony przez Organizacj\u0119 Narod\u00f3w Zjednoczonych. <\/span><\/span><\/p>\n<p align=\"LEFT\"><span style=\"font-family: Arial, sans-serif; color: #000000;\"><span style=\"font-size: medium;\">Celem tego przedsi\u0119wzi\u0119cia jest zwi\u0119kszenie \u015bwiadomo\u015bci publicznej na temat ogranicze\u0144, z jakimi borykaj\u0105 si\u0119 osoby z niepe\u0142nosprawno\u015bciami oraz potrzeby podj\u0119cia konkretnych dzia\u0142a\u0144 w kierunku ich likwidowania. <\/span><\/span><\/p>\n<p align=\"LEFT\"><span style=\"font-family: Arial, sans-serif; color: #000000;\"><span style=\"font-size: medium;\">W naszej szkole dzie\u0144 ten obchodzili\u015bmy 4 grudnia.<\/span><\/span><\/p>\n<p align=\"LEFT\"><span style=\"font-family: Arial, sans-serif; color: #000000;\"><span style=\"font-size: medium;\">Imprez\u0119 integracyjn\u0105 \u201eWszyscy razem\u201d rozpocz\u0119\u0142o od\u015bpiewanie, przez szkolny ch\u00f3r TU-TU, hymnu niepe\u0142nosprawnych. Nast\u0119pnie Marika Szyma\u0144ska \u2013 uczennica klasy 6a, wykona\u0142a, do melodii ze \u015bcie\u017cki d\u017awi\u0119kowej z filmu \u201eKraina Lodu\u201d, uk\u0142ad taneczny. Po tym wprowadzeniu uczniowie klas I-III z uwag\u0105 obejrzeli, podejmuj\u0105cy problem tolerancji, spektakl \u201eSze\u015b\u0107 \u017cycze\u0144 Natalki\u201d przygotowany, pod kierunkiem p. Anny Kowalskiej, przez cz\u0142onk\u00f3w szkolnego ko\u0142a teatralnego oraz prezentacj\u0119 multimedialn\u0105 \u201eNiepe\u0142nosprawni s\u0105 w\u015br\u00f3d nas\u201d.<\/span><\/span><\/p>\n<p align=\"LEFT\"><span style=\"font-family: Arial, sans-serif; color: #000000;\"><span style=\"font-size: medium;\">Wspania\u0142ym dope\u0142nieniem programu uroczysto\u015bci by\u0142a okoliczno\u015bciowa dekoracja. Wykonane przez uczni\u00f3w klas IV-VIII serca tworz\u0105ce napis WSZYSCY RAZEM, przygotowane przez dzieci z klas <\/span><\/span><span style=\"font-family: Arial, sans-serif; color: #000000;\"><span style=\"font-size: medium;\">I-III plakaty dotycz\u0105ce has\u0142a KA\u017bDY INNY- WSZYSCY R\u00d3WNI, piktogramy przedstawiaj\u0105ce rodzaje niepe\u0142nosprawno\u015bci, wystawki tematyczne&#8230; to wszystko stworzy\u0142o budz\u0105c\u0105 ogromne zainteresowanie galeri\u0119.<\/span><\/span><\/p>\n<p align=\"LEFT\"><span style=\"font-family: Arial, sans-serif; color: #000000;\"><span style=\"font-size: medium;\">Spotkanie zako\u0144czy\u0142 Dyrektor Szko\u0142y \u2013 p. Janusz Banasiak, dzi\u0119kuj\u0105c uczniom oraz nauczycielom, cz\u0142onkom zespo\u0142u do spraw integracji, za przygotowanie tego przedsi\u0119wzi\u0119cia.<\/span><\/span><\/p>\nngg_shortcode_0_placeholder\n","protected":false},"excerpt":{"rendered":"<p>&#46;&#46;&#46;<\/p>\n","protected":false},"author":4,"featured_media":4982,"comment_status":"open","ping_status":"open","sticky":false,"template":"","format":"standard","meta":{"ngg_post_thumbnail":0,"footnotes":""},"categories":[1],"tags":[],"class_list":["post-4981","post","type-post","status-publish","format-standard","has-post-thumbnail","hentry","category-wiadomosci"],"_links":{"self":[{"href":"https:\/\/sp22.pl\/nowa\/index.php\/wp-json\/wp\/v2\/posts\/4981","targetHints":{"allow":["GET"]}}],"collection":[{"href":"https:\/\/sp22.pl\/nowa\/index.php\/wp-json\/wp\/v2\/posts"}],"about":[{"href":"https:\/\/sp22.pl\/nowa\/index.php\/wp-json\/wp\/v2\/types\/post"}],"author":[{"embeddable":true,"href":"https:\/\/sp22.pl\/nowa\/index.php\/wp-json\/wp\/v2\/users\/4"}],"replies":[{"embeddable":true,"href":"https:\/\/sp22.pl\/nowa\/index.php\/wp-json\/wp\/v2\/comments?post=4981"}],"version-history":[{"count":3,"href":"https:\/\/sp22.pl\/nowa\/index.php\/wp-json\/wp\/v2\/posts\/4981\/revisions"}],"predecessor-version":[{"id":4985,"href":"https:\/\/sp22.pl\/nowa\/index.php\/wp-json\/wp\/v2\/posts\/4981\/revisions\/4985"}],"wp:featuredmedia":[{"embeddable":true,"href":"https:\/\/sp22.pl\/nowa\/index.php\/wp-json\/wp\/v2\/media\/4982"}],"wp:attachment":[{"href":"https:\/\/sp22.pl\/nowa\/index.php\/wp-json\/wp\/v2\/media?parent=4981"}],"wp:term":[{"taxonomy":"category","embeddable":true,"href":"https:\/\/sp22.pl\/nowa\/index.php\/wp-json\/wp\/v2\/categories?post=4981"},{"taxonomy":"post_tag","embeddable":true,"href":"https:\/\/sp22.pl\/nowa\/index.php\/wp-json\/wp\/v2\/tags?post=4981"}],"curies":[{"name":"wp","href":"https:\/\/api.w.org\/{rel}","templated":true}]}}