{"id":4851,"date":"2024-01-31T03:55:53","date_gmt":"2024-01-31T02:55:53","guid":{"rendered":"http:\/\/sp22.pl\/nowa\/?p=4851"},"modified":"2024-02-12T03:59:39","modified_gmt":"2024-02-12T02:59:39","slug":"dzien-patrona-szkoly","status":"publish","type":"post","link":"https:\/\/sp22.pl\/nowa\/index.php\/2024\/01\/31\/dzien-patrona-szkoly\/","title":{"rendered":"Dzie\u0144 Patrona Szko\u0142y"},"content":{"rendered":"<p style=\"text-align: center;\" align=\"LEFT\"><span style=\"color: #000000;\">\u201e<span style=\"font-family: Arial, sans-serif;\">Janusz Korczak \u2013 patron dzieci\u0119cych marze\u0144\u201d<\/span><\/span><\/p>\n<p align=\"LEFT\"><span style=\"font-family: Arial, sans-serif; color: #000000;\">W styczniu w naszej szkole odby\u0142o si\u0119 przedstawienie z okazji Dnia Patrona Szko\u0142y.<\/span><\/p>\n<p align=\"LEFT\"><span style=\"font-family: Arial, sans-serif; color: #000000;\">Pierwszoklasi\u015bci mogli w przyst\u0119pny spos\u00f3b pozna\u0107 histori\u0119 \u017cycia Janusza Korczaka, warto\u015bci jakimi si\u0119 kierowa\u0142 oraz zrozumie\u0107 co to znaczy, \u017ce jest patronem naszej szko\u0142y.<\/span><\/p>\n<p align=\"LEFT\"><span style=\"font-family: Arial, sans-serif; color: #000000;\">W przedwojenny \u015bwiat zabra\u0142a nas dziewczynka z Domu Sierot &#8211; Stefcia, kt\u00f3ra przenios\u0142a si\u0119 w czasie za pomoc\u0105 reporterskiego portalu czasu. Dzieci z przysz\u0142o\u015bci mog\u0142y pozna\u0107 jej histori\u0119. Magiczne radio czasu pozwoli\u0142o na ods\u0142uchanie wywiadu z Januszem Korczakiem przeprowadzonego przez uczennic\u0119 naszej szko\u0142y. Pierwszoklasi\u015bci przynie\u015bli ze sob\u0105 narysowane marzenia, kt\u00f3re zosta\u0142y wrzucone do magicznego garnka i ugotowane przez kucharza zgodnie z receptur\u0105 na marze\u0144 spe\u0142nienie. Wr\u00f3\u017cki posypa\u0142y ka\u017cde marzenie gar\u015bci\u0105 wiary w jego spe\u0142nienie. Na przedstawieniu zago\u015bci\u0142 r\u00f3wnie\u017c bohater jednej z ksi\u0105\u017cek Janusza Korczaka \u2013 Kr\u00f3l Maciu\u015b Pierwszy. Po uroczystej przysi\u0119dze pasowa\u0142 pierwszoklasist\u00f3w na uczni\u00f3w Janusza Korczaka.<\/span><\/p>\n<p align=\"LEFT\"><span style=\"font-family: Arial, sans-serif; color: #000000;\">Kr\u00f3l zaprosi\u0142 dzieci na bal na dworze u Kr\u00f3la Maciusia. Dzieci ch\u0119tnie i rado\u015bnie uczestniczy\u0142y we wsp\u00f3lnych zabawach i ta\u0144cach.<\/span><\/p>\nngg_shortcode_0_placeholder\n","protected":false},"excerpt":{"rendered":"<p>&#46;&#46;&#46;<\/p>\n","protected":false},"author":4,"featured_media":4852,"comment_status":"open","ping_status":"open","sticky":false,"template":"","format":"standard","meta":{"ngg_post_thumbnail":0,"footnotes":""},"categories":[1],"tags":[],"class_list":["post-4851","post","type-post","status-publish","format-standard","has-post-thumbnail","hentry","category-wiadomosci"],"_links":{"self":[{"href":"https:\/\/sp22.pl\/nowa\/index.php\/wp-json\/wp\/v2\/posts\/4851","targetHints":{"allow":["GET"]}}],"collection":[{"href":"https:\/\/sp22.pl\/nowa\/index.php\/wp-json\/wp\/v2\/posts"}],"about":[{"href":"https:\/\/sp22.pl\/nowa\/index.php\/wp-json\/wp\/v2\/types\/post"}],"author":[{"embeddable":true,"href":"https:\/\/sp22.pl\/nowa\/index.php\/wp-json\/wp\/v2\/users\/4"}],"replies":[{"embeddable":true,"href":"https:\/\/sp22.pl\/nowa\/index.php\/wp-json\/wp\/v2\/comments?post=4851"}],"version-history":[{"count":1,"href":"https:\/\/sp22.pl\/nowa\/index.php\/wp-json\/wp\/v2\/posts\/4851\/revisions"}],"predecessor-version":[{"id":4853,"href":"https:\/\/sp22.pl\/nowa\/index.php\/wp-json\/wp\/v2\/posts\/4851\/revisions\/4853"}],"wp:featuredmedia":[{"embeddable":true,"href":"https:\/\/sp22.pl\/nowa\/index.php\/wp-json\/wp\/v2\/media\/4852"}],"wp:attachment":[{"href":"https:\/\/sp22.pl\/nowa\/index.php\/wp-json\/wp\/v2\/media?parent=4851"}],"wp:term":[{"taxonomy":"category","embeddable":true,"href":"https:\/\/sp22.pl\/nowa\/index.php\/wp-json\/wp\/v2\/categories?post=4851"},{"taxonomy":"post_tag","embeddable":true,"href":"https:\/\/sp22.pl\/nowa\/index.php\/wp-json\/wp\/v2\/tags?post=4851"}],"curies":[{"name":"wp","href":"https:\/\/api.w.org\/{rel}","templated":true}]}}