{"id":4719,"date":"2025-03-26T22:05:00","date_gmt":"2025-03-26T21:05:00","guid":{"rendered":"http:\/\/sp22.pl\/nowa\/?p=4719"},"modified":"2025-03-31T08:31:24","modified_gmt":"2025-03-31T06:31:24","slug":"15-podatku-dla-naszej-szkoly","status":"publish","type":"post","link":"https:\/\/sp22.pl\/nowa\/index.php\/2025\/03\/26\/15-podatku-dla-naszej-szkoly\/","title":{"rendered":"1,5% podatku dla naszej szko\u0142y"},"content":{"rendered":"<p style=\"text-align: center;\"><span style=\"color: #000000;\"><strong>Prezydium Rady Rodzic\u00f3w przy Szkole Podstawowej nr 22 w P\u0142ocku zach\u0119ca do wsparcia swojej dzia\u0142alno\u015bci statutowej w&nbsp;rozliczeniu podatkowym za 2024 r.<\/strong><\/span><\/p>\n<p><span style=\"color: #000000;\">Pod koniec 2023 r. Rada Rodzic\u00f3w rozpocz\u0119\u0142a wsp\u00f3\u0142prac\u0119 z Fundacj\u0105 AVE.<\/span><\/p>\n<p><span style=\"color: #000000;\">Jest to organizacja po\u017cytku publicznego, kt\u00f3ra umo\u017cliwia pozyskanie 1,5 % podatku na rzecz szk\u00f3\u0142 i przedszkoli w Polsce. Przej\u0119\u0142a ona program, prowadzony przez 9 lat przez Fundacj\u0119 \u201eRodzice Szkole\u201d. Do tej pory z programu skorzysta\u0142o ponad 200 Rad z ca\u0142ej Polski.<\/span><\/p>\n<p><span style=\"color: #000000;\">Przedsi\u0119wzi\u0119cie ma na celu wsparcie edukacyjno-wychowawczej dzia\u0142alno\u015bci szk\u00f3\u0142 i zwi\u0119kszenie udzia\u0142u Rad Rodzic\u00f3w w kszta\u0142towaniu oferty i&nbsp;odpowiadaniu na potrzeby plac\u00f3wek o\u015bwiatowych.<\/span><\/p>\n<p><span style=\"color: #000000;\">&nbsp;&nbsp;&nbsp;&nbsp;&nbsp;&nbsp;&nbsp;&nbsp;&nbsp;&nbsp;&nbsp; Korzystaj\u0105c z tej mo\u017cliwo\u015bci, ju\u017c w tegorocznym rozliczeniu, b\u0119dziecie Pa\u0144stwo mogli przekaza\u0107 swoj\u0105 cz\u0119\u015b\u0107 nale\u017cno\u015bci podatkowych dla naszej szko\u0142y.<\/span><\/p>\n<p><span style=\"color: #000000;\">Darczy\u0144cy 1,5% procenta powinni wpisa\u0107 w odpowiedniej rubryce zeznania podatkowego za rok 2024.<\/span><\/p>\n<p><span style=\"color: #000000;\">&nbsp;&nbsp;&nbsp;&nbsp;&nbsp;&nbsp;&nbsp;&nbsp;&nbsp;&nbsp;&nbsp; W zeznaniu PIT nale\u017cy poda\u0107 nr <em>KRS Fundacji AVE \u2013 <\/em><strong>0000229157<\/strong><\/span><\/p>\n<p><span style=\"color: #000000;\">&nbsp;&nbsp;&nbsp;&nbsp;&nbsp;&nbsp;&nbsp;&nbsp;&nbsp;&nbsp;&nbsp; W celach szczeg\u00f3\u0142owych: <strong>SP nr 22 w P\u0142ocku<\/strong><\/span><\/p>\n<p><span style=\"color: #000000;\">&nbsp; &nbsp; &nbsp; &nbsp;Jest to kolejna okazja do wsparcia dzia\u0142alno\u015bci Rady, a tym samym wsparcie Pa\u0144stwa dzieci.<\/span><\/p>\n<p><span style=\"color: #000000;\">Podkre\u015blanie wydaje si\u0119 fakt, \u017ce 75% zebranych \u015brodk\u00f3w trafia do Rady Rodzic\u00f3w, a 25% \u015brodk\u00f3w zostaje przeznaczonych na obs\u0142ug\u0119 organizacyjno-finansow\u0105 programu oraz statutowe dzia\u0142ania edukacyjno-wychowawcze Fundacji AVE.<\/span><\/p>\n<p><span style=\"color: #000000;\">Serdecznie jeszcze raz zach\u0119cam<\/span><\/p>\n<p><span style=\"color: #000000;\">Przemys\u0142aw Zieli\u0144ski<\/span><\/p>\n<p><span style=\"color: #000000;\">Przewodnicz\u0105cy wraz ze Szkoln\u0105 Rad\u0105 Rodzic\u00f3w<\/span><\/p>\n<p><img loading=\"lazy\" decoding=\"async\" class=\"wp-image-4720 aligncenter\" src=\"https:\/\/sp22.pl\/nowa\/wp-content\/uploads\/2024\/01\/ww_rada_rodzicow_plakat_fundacja.jpg\" alt=\"Dziecko siedz\u0105ce przy szkolnej \u0142awce wykonuj\u0105ce eksperymenty chemiczne.\" width=\"461\" height=\"652\" srcset=\"https:\/\/sp22.pl\/nowa\/wp-content\/uploads\/2024\/01\/ww_rada_rodzicow_plakat_fundacja.jpg 1414w, https:\/\/sp22.pl\/nowa\/wp-content\/uploads\/2024\/01\/ww_rada_rodzicow_plakat_fundacja-212x300.jpg 212w, https:\/\/sp22.pl\/nowa\/wp-content\/uploads\/2024\/01\/ww_rada_rodzicow_plakat_fundacja-724x1024.jpg 724w, https:\/\/sp22.pl\/nowa\/wp-content\/uploads\/2024\/01\/ww_rada_rodzicow_plakat_fundacja-768x1086.jpg 768w, https:\/\/sp22.pl\/nowa\/wp-content\/uploads\/2024\/01\/ww_rada_rodzicow_plakat_fundacja-1086x1536.jpg 1086w\" sizes=\"auto, (max-width: 461px) 100vw, 461px\" \/><\/p>\n<p>&nbsp;<\/p>\n","protected":false},"excerpt":{"rendered":"<p>&#46;&#46;&#46;<\/p>\n","protected":false},"author":4,"featured_media":4721,"comment_status":"open","ping_status":"open","sticky":false,"template":"","format":"standard","meta":{"ngg_post_thumbnail":0,"footnotes":""},"categories":[1],"tags":[],"class_list":["post-4719","post","type-post","status-publish","format-standard","has-post-thumbnail","hentry","category-wiadomosci"],"_links":{"self":[{"href":"https:\/\/sp22.pl\/nowa\/index.php\/wp-json\/wp\/v2\/posts\/4719","targetHints":{"allow":["GET"]}}],"collection":[{"href":"https:\/\/sp22.pl\/nowa\/index.php\/wp-json\/wp\/v2\/posts"}],"about":[{"href":"https:\/\/sp22.pl\/nowa\/index.php\/wp-json\/wp\/v2\/types\/post"}],"author":[{"embeddable":true,"href":"https:\/\/sp22.pl\/nowa\/index.php\/wp-json\/wp\/v2\/users\/4"}],"replies":[{"embeddable":true,"href":"https:\/\/sp22.pl\/nowa\/index.php\/wp-json\/wp\/v2\/comments?post=4719"}],"version-history":[{"count":9,"href":"https:\/\/sp22.pl\/nowa\/index.php\/wp-json\/wp\/v2\/posts\/4719\/revisions"}],"predecessor-version":[{"id":9621,"href":"https:\/\/sp22.pl\/nowa\/index.php\/wp-json\/wp\/v2\/posts\/4719\/revisions\/9621"}],"wp:featuredmedia":[{"embeddable":true,"href":"https:\/\/sp22.pl\/nowa\/index.php\/wp-json\/wp\/v2\/media\/4721"}],"wp:attachment":[{"href":"https:\/\/sp22.pl\/nowa\/index.php\/wp-json\/wp\/v2\/media?parent=4719"}],"wp:term":[{"taxonomy":"category","embeddable":true,"href":"https:\/\/sp22.pl\/nowa\/index.php\/wp-json\/wp\/v2\/categories?post=4719"},{"taxonomy":"post_tag","embeddable":true,"href":"https:\/\/sp22.pl\/nowa\/index.php\/wp-json\/wp\/v2\/tags?post=4719"}],"curies":[{"name":"wp","href":"https:\/\/api.w.org\/{rel}","templated":true}]}}