{"id":4715,"date":"2024-01-15T09:38:43","date_gmt":"2024-01-15T08:38:43","guid":{"rendered":"http:\/\/sp22.pl\/nowa\/?p=4715"},"modified":"2024-01-15T11:15:49","modified_gmt":"2024-01-15T10:15:49","slug":"bozonarodzeniowy-koncert-charytatywny","status":"publish","type":"post","link":"https:\/\/sp22.pl\/nowa\/index.php\/2024\/01\/15\/bozonarodzeniowy-koncert-charytatywny\/","title":{"rendered":"Bo\u017conarodzeniowy Koncert Charytatywny"},"content":{"rendered":"<p style=\"text-align: center;\"><span style=\"color: #000000;\"><em>\u201eS\u0105 \u015bwi\u0119ta w naszym kalendarzu<\/em><em> najdro\u017csze i najbli\u017csze,<br \/>\nbo wywo\u0142uj\u0105 fal\u0119 marze\u0144 najczulszych i najmilszych.<\/em><\/span><\/p>\n<p style=\"text-align: center;\"><em><span style=\"color: #000000;\">Ich dziwny czar ten nastr\u00f3j stwarza dla \u017cycia najwa\u017cniejszy,<\/span><\/em><br \/>\n<em><span style=\"color: #000000;\">rozlewa si\u0119 na ludzkich twarzach u\u015bmiechem najpi\u0119kniejszym.<\/span><\/em><\/p>\n<p style=\"text-align: center;\"><em><span style=\"color: #000000;\">Ten nastr\u00f3j wszystkim si\u0119 udziela, ogarnia serca, dusze,<\/span><\/em><br \/>\n<em><span style=\"color: #000000;\">rado\u015bci\u0105 szcz\u0119\u015bcia i wesela i czystych, wielkich wzrusze\u0144.\u201d<\/span><\/em><\/p>\n<p>&nbsp;<\/p>\n<p style=\"text-align: center;\"><span style=\"color: #000000;\">W tym roku koncert odby\u0142 si\u0119 pod has\u0142em \u201eA S\u0142owo sta\u0142o si\u0119 cia\u0142em\u201d.&nbsp; &nbsp; &nbsp; &nbsp; &nbsp;<\/span><\/p>\n<p style=\"text-align: center;\"><span style=\"color: #000000;\">By\u0142 to czas wytchnienia i refleksji dla ca\u0142ej spo\u0142eczno\u015bci szkolnej.<\/span><\/p>\n<p style=\"text-align: center;\"><span style=\"color: #000000;\">Niezawodny ch\u00f3r TuTu pod batut\u0105 p. \u0141ukasza Grockiego zaprezentowa\u0142 tradycyjne kol\u0119dy i pastora\u0142ki. <\/span><\/p>\n<p style=\"text-align: center;\"><span style=\"color: #000000;\">Swym wyst\u0119pem urozmaici\u0142 koncert dyrektor szko\u0142y p. Janusz Banasiak.<\/span><\/p>\n<p style=\"text-align: center;\"><span style=\"color: #000000;\">Muzyczne wyst\u0119py przeplatane by\u0142y refleksyjnymi wierszami czytanymi przez nauczycieli oraz dyrekcj\u0119 szko\u0142y.<\/span><\/p>\n<p style=\"text-align: center;\"><span style=\"color: #000000;\">Podczas koncertu odby\u0142 si\u0119 charytatywny kiermasz ozd\u00f3b \u015bwi\u0105tecznych oraz zabawek i gier planszowych. Kiermasz zosta\u0142 przygotowany pod kierunkiem Szkolnego Klubu Wolontariatu. Zebrane \u015brodki zosta\u0142y przekazane na leczenie Tymona Cholewi\u0144skiego \u2013 ch\u0142opca, kt\u00f3ry zmaga si\u0119 z ci\u0119\u017ck\u0105 chorob\u0105 nowotworow\u0105.<\/span><\/p>\n<p style=\"text-align: center;\"><span style=\"color: #000000;\">Serdecznie dzi\u0119kujemy za wsp\u00f3lny czas oraz hojne wsparcie!<\/span><\/p>\nngg_shortcode_0_placeholder\n","protected":false},"excerpt":{"rendered":"<p>&#46;&#46;&#46;<\/p>\n","protected":false},"author":4,"featured_media":4716,"comment_status":"open","ping_status":"open","sticky":false,"template":"","format":"standard","meta":{"ngg_post_thumbnail":0,"footnotes":""},"categories":[1],"tags":[],"class_list":["post-4715","post","type-post","status-publish","format-standard","has-post-thumbnail","hentry","category-wiadomosci"],"_links":{"self":[{"href":"https:\/\/sp22.pl\/nowa\/index.php\/wp-json\/wp\/v2\/posts\/4715","targetHints":{"allow":["GET"]}}],"collection":[{"href":"https:\/\/sp22.pl\/nowa\/index.php\/wp-json\/wp\/v2\/posts"}],"about":[{"href":"https:\/\/sp22.pl\/nowa\/index.php\/wp-json\/wp\/v2\/types\/post"}],"author":[{"embeddable":true,"href":"https:\/\/sp22.pl\/nowa\/index.php\/wp-json\/wp\/v2\/users\/4"}],"replies":[{"embeddable":true,"href":"https:\/\/sp22.pl\/nowa\/index.php\/wp-json\/wp\/v2\/comments?post=4715"}],"version-history":[{"count":3,"href":"https:\/\/sp22.pl\/nowa\/index.php\/wp-json\/wp\/v2\/posts\/4715\/revisions"}],"predecessor-version":[{"id":4734,"href":"https:\/\/sp22.pl\/nowa\/index.php\/wp-json\/wp\/v2\/posts\/4715\/revisions\/4734"}],"wp:featuredmedia":[{"embeddable":true,"href":"https:\/\/sp22.pl\/nowa\/index.php\/wp-json\/wp\/v2\/media\/4716"}],"wp:attachment":[{"href":"https:\/\/sp22.pl\/nowa\/index.php\/wp-json\/wp\/v2\/media?parent=4715"}],"wp:term":[{"taxonomy":"category","embeddable":true,"href":"https:\/\/sp22.pl\/nowa\/index.php\/wp-json\/wp\/v2\/categories?post=4715"},{"taxonomy":"post_tag","embeddable":true,"href":"https:\/\/sp22.pl\/nowa\/index.php\/wp-json\/wp\/v2\/tags?post=4715"}],"curies":[{"name":"wp","href":"https:\/\/api.w.org\/{rel}","templated":true}]}}