{"id":4572,"date":"2023-12-07T22:36:29","date_gmt":"2023-12-07T21:36:29","guid":{"rendered":"http:\/\/sp22.pl\/nowa\/?p=4572"},"modified":"2024-01-07T23:00:11","modified_gmt":"2024-01-07T22:00:11","slug":"11-listopada-narodowe-swieto-niepodleglosci","status":"publish","type":"post","link":"https:\/\/sp22.pl\/nowa\/index.php\/2023\/12\/07\/11-listopada-narodowe-swieto-niepodleglosci\/","title":{"rendered":"11 listopada &#8211; Narodowe \u015awi\u0119to Niepodleg\u0142o\u015bci"},"content":{"rendered":"<p><span style=\"color: #000000;\">Dnia 10 listopada 2023r. w naszej szkole odby\u0142 si\u0119 koncert z okazji Narodowego \u015awi\u0119ta Niepodleg\u0142o\u015bci.<\/span><\/p>\n<p><span style=\"color: #000000;\">Dzie\u0144 ten dla wielu jest lekcj\u0105 patriotyzmu i historii. Uczestnicz\u0105c corocznie w obchodach \u015awi\u0119ta Niepodleg\u0142o\u015bci dajemy wyraz pami\u0119ci o tych wszystkich, dzi\u0119ki kt\u00f3rym \u017cyjemy dzisiaj w wolnej Polsce. &nbsp;<\/span><\/p>\n<p><span style=\"color: #000000;\">Akademia przede wszystkim mia\u0142a przypomnie\u0107 tamte ci\u0119\u017ckie czasy, ale tak\u017ce wzbudzi\u0107 w nas refleksje. Cz\u0119\u015b\u0107 artystyczna wprowadzi\u0142a zgromadzonych w atmosfer\u0119 wydarze\u0144 poprzedzaj\u0105cych dat\u0119 11 listopada 1918 roku.&nbsp; Uczniowie klasy IV, V i VIII recytowali wiersze i \u015bpiewali pie\u015bni patriotyczne, kt\u00f3re pozwoli\u0142y zrozumie\u0107 rozterki oraz uczucia walcz\u0105cych o niepodleg\u0142o\u015b\u0107.<\/span><\/p>\n<p><span style=\"color: #000000;\">Nasza szko\u0142a przy\u0142\u0105czy\u0142a si\u0119 tak\u017ce do og\u00f3lnopolskiej akcji \u201eSzko\u0142a do hymnu\u201d. O godzinie 11:11 w ramach \u015bwi\u0119towania rocznicy odzyskania przez Polsk\u0119 niepodleg\u0142o\u015bci wszyscy zgromadzeni na apelu od\u015bpiewali hymn narodowy.<\/span><\/p>\nngg_shortcode_0_placeholder\n","protected":false},"excerpt":{"rendered":"<p>&#46;&#46;&#46;<\/p>\n","protected":false},"author":4,"featured_media":4583,"comment_status":"open","ping_status":"open","sticky":false,"template":"","format":"standard","meta":{"ngg_post_thumbnail":0,"footnotes":""},"categories":[1],"tags":[],"class_list":["post-4572","post","type-post","status-publish","format-standard","has-post-thumbnail","hentry","category-wiadomosci"],"_links":{"self":[{"href":"https:\/\/sp22.pl\/nowa\/index.php\/wp-json\/wp\/v2\/posts\/4572","targetHints":{"allow":["GET"]}}],"collection":[{"href":"https:\/\/sp22.pl\/nowa\/index.php\/wp-json\/wp\/v2\/posts"}],"about":[{"href":"https:\/\/sp22.pl\/nowa\/index.php\/wp-json\/wp\/v2\/types\/post"}],"author":[{"embeddable":true,"href":"https:\/\/sp22.pl\/nowa\/index.php\/wp-json\/wp\/v2\/users\/4"}],"replies":[{"embeddable":true,"href":"https:\/\/sp22.pl\/nowa\/index.php\/wp-json\/wp\/v2\/comments?post=4572"}],"version-history":[{"count":3,"href":"https:\/\/sp22.pl\/nowa\/index.php\/wp-json\/wp\/v2\/posts\/4572\/revisions"}],"predecessor-version":[{"id":4582,"href":"https:\/\/sp22.pl\/nowa\/index.php\/wp-json\/wp\/v2\/posts\/4572\/revisions\/4582"}],"wp:featuredmedia":[{"embeddable":true,"href":"https:\/\/sp22.pl\/nowa\/index.php\/wp-json\/wp\/v2\/media\/4583"}],"wp:attachment":[{"href":"https:\/\/sp22.pl\/nowa\/index.php\/wp-json\/wp\/v2\/media?parent=4572"}],"wp:term":[{"taxonomy":"category","embeddable":true,"href":"https:\/\/sp22.pl\/nowa\/index.php\/wp-json\/wp\/v2\/categories?post=4572"},{"taxonomy":"post_tag","embeddable":true,"href":"https:\/\/sp22.pl\/nowa\/index.php\/wp-json\/wp\/v2\/tags?post=4572"}],"curies":[{"name":"wp","href":"https:\/\/api.w.org\/{rel}","templated":true}]}}