{"id":4518,"date":"2023-12-17T09:54:39","date_gmt":"2023-12-17T08:54:39","guid":{"rendered":"http:\/\/sp22.pl\/nowa\/?p=4518"},"modified":"2024-01-08T22:12:35","modified_gmt":"2024-01-08T21:12:35","slug":"moj-ulubiony-wiersz-konkurs-recytatorski","status":"publish","type":"post","link":"https:\/\/sp22.pl\/nowa\/index.php\/2023\/12\/17\/moj-ulubiony-wiersz-konkurs-recytatorski\/","title":{"rendered":"&#8222;M\u00f3j ulubiony wiersz&#8221; &#8211; konkurs recytatorski"},"content":{"rendered":"<p style=\"text-align: justify;\"><span style=\"font-family: Arial, sans-serif; color: #000000;\">7 grudnia, w ramach Tygodnia Kultury Szkolnej, odby\u0142 si\u0119 konkurs recytatorski &#8222;M\u00f3j ulubiony wiersz&#8221;. Jego uczestnikami byli uczniowie klas I-III. Dob\u00f3r repertuaru by\u0142 r\u00f3\u017cnorodny. Jedne utwory bawi\u0142y, inne &#8211; wzrusza\u0142y. Mimo m\u0142odego wieku, uczestnicy wykazali si\u0119 kunsztem recytatorskim, dlatego jury, w osobie p. Iwony Blank oraz p. Marty Zawidzkiej, nie mia\u0142o \u0142atwego wyboru. Po burzliwych obradach og\u0142oszono werdykt.<\/span><\/p>\n<p><span style=\"color: #000000;\"><strong><span style=\"font-family: 'Arial',sans-serif;\">LAUREACI KLAS PIERWSZYCH<\/span><\/strong><\/span><\/p>\n<p><span style=\"font-family: Arial, sans-serif; color: #000000;\">I miejsce &#8211; Ewa Wochnowicz (klasa 1c)<\/span><\/p>\n<p><span style=\"font-family: Arial, sans-serif; color: #000000;\">II miejsce &#8211; Szymon Kornacki (klasa 1b)<\/span><\/p>\n<p><span style=\"font-family: Arial, sans-serif; color: #000000;\">III miejsce &#8211; Micha\u0142 Rendak (klasa 1d)<\/span><\/p>\n<p><span style=\"color: #000000;\"><strong><span style=\"font-family: 'Arial',sans-serif;\">LAUREACI KLAS DRUGICH<\/span><\/strong><\/span><\/p>\n<p><span style=\"font-family: Arial, sans-serif; color: #000000;\">I miejsce &#8211; Laura Nanartowicz (klasa 2a)<\/span><\/p>\n<p><span style=\"font-family: Arial, sans-serif; color: #000000;\">II miejsce &#8211; Lena Majchrzak (klasa 2e)<\/span><\/p>\n<p><span style=\"font-family: Arial, sans-serif; color: #000000;\">III miejsce &#8211; Zofia \u017burek (klasa 2d)<\/span><\/p>\n<p><span style=\"color: #000000;\"><strong><span style=\"font-family: 'Arial',sans-serif;\">LAUREACI KLAS TRZECICH<\/span><\/strong><\/span><\/p>\n<p><span style=\"font-family: Arial, sans-serif; color: #000000;\">I miejsce &#8211; Amelia Pakosz (klasa 3c)<\/span><\/p>\n<p><span style=\"font-family: Arial, sans-serif; color: #000000;\">II miejsce &#8211; Anna Malik (klasa 3e)<\/span><\/p>\n<p><span style=\"font-family: Arial, sans-serif; color: #000000;\">III miejsce &#8211; Kaja Majewska (klasa 3b)<\/span><\/p>\n<p>ngg_shortcode_0_placeholder<span style=\"font-family: Arial, sans-serif; color: #000000;\">Dzi\u0119kujemy za wsp\u00f3\u0142prac\u0119. Do zobaczenia za rok.&nbsp;<\/span><\/p>\n<p><span style=\"font-family: Arial, sans-serif; color: #000000;\">p. Agnieszka Szypszak, p. Ewa Rudowska<\/span><\/p>\n","protected":false},"excerpt":{"rendered":"<p>&#46;&#46;&#46;<\/p>\n","protected":false},"author":4,"featured_media":4647,"comment_status":"open","ping_status":"open","sticky":false,"template":"","format":"standard","meta":{"ngg_post_thumbnail":0,"footnotes":""},"categories":[1],"tags":[],"class_list":["post-4518","post","type-post","status-publish","format-standard","has-post-thumbnail","hentry","category-wiadomosci"],"_links":{"self":[{"href":"https:\/\/sp22.pl\/nowa\/index.php\/wp-json\/wp\/v2\/posts\/4518","targetHints":{"allow":["GET"]}}],"collection":[{"href":"https:\/\/sp22.pl\/nowa\/index.php\/wp-json\/wp\/v2\/posts"}],"about":[{"href":"https:\/\/sp22.pl\/nowa\/index.php\/wp-json\/wp\/v2\/types\/post"}],"author":[{"embeddable":true,"href":"https:\/\/sp22.pl\/nowa\/index.php\/wp-json\/wp\/v2\/users\/4"}],"replies":[{"embeddable":true,"href":"https:\/\/sp22.pl\/nowa\/index.php\/wp-json\/wp\/v2\/comments?post=4518"}],"version-history":[{"count":4,"href":"https:\/\/sp22.pl\/nowa\/index.php\/wp-json\/wp\/v2\/posts\/4518\/revisions"}],"predecessor-version":[{"id":4648,"href":"https:\/\/sp22.pl\/nowa\/index.php\/wp-json\/wp\/v2\/posts\/4518\/revisions\/4648"}],"wp:featuredmedia":[{"embeddable":true,"href":"https:\/\/sp22.pl\/nowa\/index.php\/wp-json\/wp\/v2\/media\/4647"}],"wp:attachment":[{"href":"https:\/\/sp22.pl\/nowa\/index.php\/wp-json\/wp\/v2\/media?parent=4518"}],"wp:term":[{"taxonomy":"category","embeddable":true,"href":"https:\/\/sp22.pl\/nowa\/index.php\/wp-json\/wp\/v2\/categories?post=4518"},{"taxonomy":"post_tag","embeddable":true,"href":"https:\/\/sp22.pl\/nowa\/index.php\/wp-json\/wp\/v2\/tags?post=4518"}],"curies":[{"name":"wp","href":"https:\/\/api.w.org\/{rel}","templated":true}]}}