{"id":4472,"date":"2023-12-10T16:21:18","date_gmt":"2023-12-10T15:21:18","guid":{"rendered":"http:\/\/sp22.pl\/nowa\/?p=4472"},"modified":"2024-01-04T04:39:40","modified_gmt":"2024-01-04T03:39:40","slug":"mikolajki-w-bibliotece","status":"publish","type":"post","link":"https:\/\/sp22.pl\/nowa\/index.php\/2023\/12\/10\/mikolajki-w-bibliotece\/","title":{"rendered":"Miko\u0142ajki w bibliotece"},"content":{"rendered":"<p><img loading=\"lazy\" decoding=\"async\" class=\"alignnone size-full wp-image-4565\" src=\"https:\/\/sp22.pl\/nowa\/wp-content\/uploads\/2024\/01\/nprcz_logo_2023_24.jpg\" alt=\"Na tle bia\u0142ego prostok\u0105ta wizerunek or\u0142a oraz napis Ministerstwo Kultury i Dziedzictwa Narodowego, Ministerstwo Edukacji i Nauki oraz napis Narodowy Program Rozwoju Czytelnictwa.\" width=\"2000\" height=\"257\" srcset=\"https:\/\/sp22.pl\/nowa\/wp-content\/uploads\/2024\/01\/nprcz_logo_2023_24.jpg 2000w, https:\/\/sp22.pl\/nowa\/wp-content\/uploads\/2024\/01\/nprcz_logo_2023_24-300x39.jpg 300w, https:\/\/sp22.pl\/nowa\/wp-content\/uploads\/2024\/01\/nprcz_logo_2023_24-1024x132.jpg 1024w, https:\/\/sp22.pl\/nowa\/wp-content\/uploads\/2024\/01\/nprcz_logo_2023_24-768x99.jpg 768w, https:\/\/sp22.pl\/nowa\/wp-content\/uploads\/2024\/01\/nprcz_logo_2023_24-1536x197.jpg 1536w\" sizes=\"auto, (max-width: 2000px) 100vw, 2000px\" \/><\/p>\n<p><span style=\"color: #000000;\">W \u015brod\u0119, 6 grudnia nasz\u0105 bibliotek\u0119 wype\u0142nia\u0142 weso\u0142y gwar i zamieszanie! W zimowo-\u015bwi\u0105tecznej scenerii, w blasku choinki nasi czytelnicy mogli znale\u017a\u0107 od dawna wyczekiwane ksi\u0105\u017cki. Pi\u0119knie owini\u0119te czerwonymi i zielonymi wst\u0105\u017ckami, pachn\u0105ce nowo\u015bci\u0105 \u2026 Niemal 500 egzemplarzy o warto\u015bci 9 tys. z\u0142, zakupionych dzi\u0119ki wsparciu finansowemu otrzymanemu w ramach Narodowego Programu Rozwoju Czytelnictwa 2.0, trafi\u0142o, za po\u015brednictwem biblioteki, do dzieci i m\u0142odzie\u017cy z naszej szko\u0142y. S\u0105 w\u015br\u00f3d nich lektury szkolne, ale tak\u017ce wiele nowo\u015bci wydawniczych, w tym ciekawe serie dla starszych i m\u0142odszych. Z pewno\u015bci\u0105 znajd\u0105 co\u015b dla siebie zar\u00f3wno ci, kt\u00f3rzy dopiero ucz\u0105 si\u0119 czyta\u0107, jak i \u201ewkr\u0119ceni w czytanie\u201d stali bywalcy biblioteki. Wyb\u00f3r mo\u017ce by\u0107 jednak nie lada wyzwaniem.<\/span><\/p>\n<p><span style=\"color: #000000;\">Z kolei dla nas jednym z najwa\u017cniejszych wyzwa\u0144 jest promowanie czytania w\u015br\u00f3d naszych uczni\u00f3w, a tak\u017ce dbanie o to, by mieli dobre do\u015bwiadczenia z ksi\u0105\u017ckami. Jak zach\u0119ci\u0107 dzieci do si\u0119gni\u0119cia po ksi\u0105\u017ck\u0119? Czyta\u0107 im? Okazuje si\u0119, \u017ce nie tylko! Mamy mn\u00f3stwo pomys\u0142\u00f3w na kreatywne zabawy z ksi\u0105\u017ck\u0105. Dlatego 6 grudnia zaprosili\u015bmy do biblioteki uczni\u00f3w z klasy 4c, kt\u00f3rym chcieli\u015bmy pokaza\u0107, jak mo\u017cna si\u0119 bawi\u0107 ksi\u0105\u017ck\u0105! By\u0142o przy tym du\u017co \u015bmiechu i emocji, zw\u0142aszcza, \u017ce we wsp\u00f3lnej zabawie brali udzia\u0142 pan dyrektor Janusz Banasiak oraz pani wicedyrektor Agnieszka Gawli\u0144ska. Cieszymy si\u0119, \u017ce s\u0105 naszymi sprzymierze\u0144cami w budowaniu kultury czytania w\u015br\u00f3d dzieci i m\u0142odzie\u017cy. Serdecznie dzi\u0119kujemy za aktywne w\u0142\u0105czenie si\u0119 do zabawy i po\u015bwi\u0119cony czas, kt\u00f3ry zapewne nie\u0142atwo by\u0142o wygospodarowa\u0107 w nat\u0142oku licznych obowi\u0105zk\u00f3w.<\/span><\/p>\n<p><span style=\"color: #000000;\">Znamy wiele powod\u00f3w, aby przyj\u015b\u0107 do biblioteki. Czytanie sprawia przyjemno\u015b\u0107 i rado\u015b\u0107, a ksi\u0105\u017cki potrafi\u0105 zachwyca\u0107, zaciekawia\u0107, intrygowa\u0107 i\u2026 wci\u0105ga\u0107! Czasami zmuszaj\u0105 do my\u015blenia, a czasami potrafi\u0105 nas rozbawi\u0107. Co najbardziej cenicie w dobrej ksi\u0105\u017cce? Wartk\u0105 akcj\u0119, plastyczne opisy, niebanalnych bohater\u00f3w uwik\u0142anych w opowiadan\u0105 histori\u0119\u2026 &nbsp;A mo\u017ce dreszczyk grozy? Z wielk\u0105 rado\u015bci\u0105 podpowiemy, doradzimy i pomo\u017cemy w wyborze odpowiedniej lektury. Przekonajcie si\u0119 sami.<\/span><\/p>\nngg_shortcode_0_placeholder\n","protected":false},"excerpt":{"rendered":"<p>&#46;&#46;&#46;<\/p>\n","protected":false},"author":4,"featured_media":4490,"comment_status":"open","ping_status":"open","sticky":false,"template":"","format":"standard","meta":{"ngg_post_thumbnail":0,"footnotes":""},"categories":[1],"tags":[],"class_list":["post-4472","post","type-post","status-publish","format-standard","has-post-thumbnail","hentry","category-wiadomosci"],"_links":{"self":[{"href":"https:\/\/sp22.pl\/nowa\/index.php\/wp-json\/wp\/v2\/posts\/4472","targetHints":{"allow":["GET"]}}],"collection":[{"href":"https:\/\/sp22.pl\/nowa\/index.php\/wp-json\/wp\/v2\/posts"}],"about":[{"href":"https:\/\/sp22.pl\/nowa\/index.php\/wp-json\/wp\/v2\/types\/post"}],"author":[{"embeddable":true,"href":"https:\/\/sp22.pl\/nowa\/index.php\/wp-json\/wp\/v2\/users\/4"}],"replies":[{"embeddable":true,"href":"https:\/\/sp22.pl\/nowa\/index.php\/wp-json\/wp\/v2\/comments?post=4472"}],"version-history":[{"count":7,"href":"https:\/\/sp22.pl\/nowa\/index.php\/wp-json\/wp\/v2\/posts\/4472\/revisions"}],"predecessor-version":[{"id":4569,"href":"https:\/\/sp22.pl\/nowa\/index.php\/wp-json\/wp\/v2\/posts\/4472\/revisions\/4569"}],"wp:featuredmedia":[{"embeddable":true,"href":"https:\/\/sp22.pl\/nowa\/index.php\/wp-json\/wp\/v2\/media\/4490"}],"wp:attachment":[{"href":"https:\/\/sp22.pl\/nowa\/index.php\/wp-json\/wp\/v2\/media?parent=4472"}],"wp:term":[{"taxonomy":"category","embeddable":true,"href":"https:\/\/sp22.pl\/nowa\/index.php\/wp-json\/wp\/v2\/categories?post=4472"},{"taxonomy":"post_tag","embeddable":true,"href":"https:\/\/sp22.pl\/nowa\/index.php\/wp-json\/wp\/v2\/tags?post=4472"}],"curies":[{"name":"wp","href":"https:\/\/api.w.org\/{rel}","templated":true}]}}