{"id":4396,"date":"2023-12-12T13:34:18","date_gmt":"2023-12-12T12:34:18","guid":{"rendered":"http:\/\/sp22.pl\/nowa\/?p=4396"},"modified":"2024-01-23T12:29:35","modified_gmt":"2024-01-23T11:29:35","slug":"projekt_znam_noblistke","status":"publish","type":"post","link":"https:\/\/sp22.pl\/nowa\/index.php\/2023\/12\/12\/projekt_znam_noblistke\/","title":{"rendered":"Projekt edukacyjno &#8211; czytelniczy &#8211; To oczywiste, \u017ce znam noblistk\u0119!"},"content":{"rendered":"<p><img loading=\"lazy\" decoding=\"async\" class=\"alignnone size-full wp-image-4565\" src=\"https:\/\/sp22.pl\/nowa\/wp-content\/uploads\/2024\/01\/nprcz_logo_2023_24.jpg\" alt=\"Na tle bia\u0142ego prostok\u0105ta wizerunek or\u0142a oraz napis Ministerstwo Kultury i Dziedzictwa Narodowego, Ministerstwo Edukacji i Nauki oraz napis Narodowy Program Rozwoju Czytelnictwa.\" width=\"2000\" height=\"257\" srcset=\"https:\/\/sp22.pl\/nowa\/wp-content\/uploads\/2024\/01\/nprcz_logo_2023_24.jpg 2000w, https:\/\/sp22.pl\/nowa\/wp-content\/uploads\/2024\/01\/nprcz_logo_2023_24-300x39.jpg 300w, https:\/\/sp22.pl\/nowa\/wp-content\/uploads\/2024\/01\/nprcz_logo_2023_24-1024x132.jpg 1024w, https:\/\/sp22.pl\/nowa\/wp-content\/uploads\/2024\/01\/nprcz_logo_2023_24-768x99.jpg 768w, https:\/\/sp22.pl\/nowa\/wp-content\/uploads\/2024\/01\/nprcz_logo_2023_24-1536x197.jpg 1536w\" sizes=\"auto, (max-width: 2000px) 100vw, 2000px\" \/><\/p>\n<p><span style=\"color: #000000;\">W ramach Narodowego Programu Rozwoju Czytelnictwa 2.0 biblioteka szkolna wraz z polonistkami ucz\u0105cymi w klasach 8 zrealizowa\u0142a projekt edukacyjno-czytelniczy \u2013 <em>To oczywiste, \u017ce znam noblistk\u0119, <\/em>kt\u00f3ry by\u0142 zwi\u0105zany z postaci\u0105 Wis\u0142awy Szymborskiej.<\/span><\/p>\n<p><span style=\"color: #000000;\">Za\u0142o\u017ceniami projektu by\u0142o rozwijanie zainteresowa\u0144 uczni\u00f3w, zdobywanie przez nich nowej wiedzy dotycz\u0105cej noblistki, rozbudzanie zainteresowania r\u00f3\u017cnymi formami literackimi tworzonymi przez poetk\u0119, a tak\u017ce rozwijanie umiej\u0119tno\u015bci tw\u00f3rczego dzia\u0142ania, poszerzanie wiadomo\u015bci zwi\u0105zanych z wyborem \u015bcie\u017cki zawodowej i kszta\u0142towanie umiej\u0119tno\u015bci wsp\u00f3\u0142pracy w grupie.<\/span><\/p>\n<p><span style=\"color: #000000;\">W ramach projektu uczniowie wzi\u0119li udzia\u0142 w zaj\u0119ciach wprowadzaj\u0105cych ich w \u015bwiat liryki, w warsztatach tworzenia form literackich wymy\u015blonych przez poetk\u0119 \u2013 lepiej\u00f3w oraz warsztatach tworzenia kola\u017cy plastycznych. Ponadto mieli okazj\u0119 do poznania interaktywnego narz\u0119dzia doradztwa zawodowego \u2013 Mapy Karier, kt\u00f3rego celem jest poszerzanie wiedzy o rynku pracy.<\/span><\/p>\n<p><span style=\"color: #000000;\">Zaj\u0119cia da\u0142y uczniom mo\u017cliwo\u015b\u0107 tw\u00f3rczej ekspresji zar\u00f3wno je\u017celi chodzi o s\u0142owo, jak i obraz. Projekt przybli\u017cy\u0142 uczniom posta\u0107 patronki roku 2023 &#8211; Wis\u0142awy Szymborskiej.<\/span><\/p>\nngg_shortcode_0_placeholder\n","protected":false},"excerpt":{"rendered":"<p>&#46;&#46;&#46;<\/p>\n","protected":false},"author":4,"featured_media":4540,"comment_status":"open","ping_status":"open","sticky":false,"template":"","format":"standard","meta":{"ngg_post_thumbnail":0,"footnotes":""},"categories":[1],"tags":[],"class_list":["post-4396","post","type-post","status-publish","format-standard","has-post-thumbnail","hentry","category-wiadomosci"],"_links":{"self":[{"href":"https:\/\/sp22.pl\/nowa\/index.php\/wp-json\/wp\/v2\/posts\/4396","targetHints":{"allow":["GET"]}}],"collection":[{"href":"https:\/\/sp22.pl\/nowa\/index.php\/wp-json\/wp\/v2\/posts"}],"about":[{"href":"https:\/\/sp22.pl\/nowa\/index.php\/wp-json\/wp\/v2\/types\/post"}],"author":[{"embeddable":true,"href":"https:\/\/sp22.pl\/nowa\/index.php\/wp-json\/wp\/v2\/users\/4"}],"replies":[{"embeddable":true,"href":"https:\/\/sp22.pl\/nowa\/index.php\/wp-json\/wp\/v2\/comments?post=4396"}],"version-history":[{"count":6,"href":"https:\/\/sp22.pl\/nowa\/index.php\/wp-json\/wp\/v2\/posts\/4396\/revisions"}],"predecessor-version":[{"id":4570,"href":"https:\/\/sp22.pl\/nowa\/index.php\/wp-json\/wp\/v2\/posts\/4396\/revisions\/4570"}],"wp:featuredmedia":[{"embeddable":true,"href":"https:\/\/sp22.pl\/nowa\/index.php\/wp-json\/wp\/v2\/media\/4540"}],"wp:attachment":[{"href":"https:\/\/sp22.pl\/nowa\/index.php\/wp-json\/wp\/v2\/media?parent=4396"}],"wp:term":[{"taxonomy":"category","embeddable":true,"href":"https:\/\/sp22.pl\/nowa\/index.php\/wp-json\/wp\/v2\/categories?post=4396"},{"taxonomy":"post_tag","embeddable":true,"href":"https:\/\/sp22.pl\/nowa\/index.php\/wp-json\/wp\/v2\/tags?post=4396"}],"curies":[{"name":"wp","href":"https:\/\/api.w.org\/{rel}","templated":true}]}}