{"id":3930,"date":"2023-11-15T05:40:38","date_gmt":"2023-11-15T04:40:38","guid":{"rendered":"http:\/\/sp22.pl\/nowa\/?p=3930"},"modified":"2024-01-23T12:24:15","modified_gmt":"2024-01-23T11:24:15","slug":"konkurs_wieza_babel","status":"publish","type":"post","link":"https:\/\/sp22.pl\/nowa\/index.php\/2023\/11\/15\/konkurs_wieza_babel\/","title":{"rendered":"Konkurs lingwistyki matematycznej &#8222;Wie\u017ca Babel&#8221;"},"content":{"rendered":"<p><img loading=\"lazy\" decoding=\"async\" class=\"wp-image-3984 aligncenter\" src=\"https:\/\/sp22.pl\/nowa\/wp-content\/uploads\/2023\/11\/konkurs-wiez-babel-obrazek-wyrozniaacy-2023_24.png\" alt=\"Logo konkursu przedstawiaj\u0105ce wie\u017c\u0119 z kolorowych klock\u00f3w.\" width=\"644\" height=\"296\" srcset=\"https:\/\/sp22.pl\/nowa\/wp-content\/uploads\/2023\/11\/konkurs-wiez-babel-obrazek-wyrozniaacy-2023_24.png 980w, https:\/\/sp22.pl\/nowa\/wp-content\/uploads\/2023\/11\/konkurs-wiez-babel-obrazek-wyrozniaacy-2023_24-300x138.png 300w, https:\/\/sp22.pl\/nowa\/wp-content\/uploads\/2023\/11\/konkurs-wiez-babel-obrazek-wyrozniaacy-2023_24-768x353.png 768w\" sizes=\"auto, (max-width: 644px) 100vw, 644px\" \/><\/p>\n<p class=\"Textbody\"><span style=\"font-family: 'Arial',sans-serif;\">W tym roku nasza szko\u0142a po raz pierwszy uczestniczy\u0142a w Og\u00f3lnopolskim Konkursie Lingwistyki Matematycznej \u201eWie\u017ca Babel\u201d organizowanym przez Instytut Matematyczny Uniwersytetu Wroc\u0142awskiego.<\/span><\/p>\n<p class=\"Textbody\"><span style=\"font-family: 'Arial',sans-serif;\">W dniu 6.11.2023 r. o\u015bmioro uczni\u00f3w naszej szko\u0142y wzi\u0119\u0142o udzia\u0142 w eliminacjach do XVIII edycji konkursu. Zmierzyli si\u0119 oni z zadaniami polegaj\u0105cymi na wnikliwej analizie sk\u0142adni i fleksji nieznanych im, cz\u0119sto zaskakuj\u0105cych j\u0119zyk\u00f3w oraz zapisywaniu zda\u0144 lub wyraz\u00f3w z wykorzystaniem swoich obserwacji.<\/span><\/p>\n<p class=\"Textbody\"><span style=\"font-family: 'Arial',sans-serif;\">W tym roku poziom zawod\u00f3w okaza\u0142 si\u0119 bardzo wysoki. W eliminacjach XVIII edycji \u201eWie\u017cy Babel\u201d wystartowa\u0142o 1290 os\u00f3b (500 m\u0142odzik\u00f3w i 790 junior\u00f3w), z czego do fina\u0142u wesz\u0142y tylko 184 osoby (62 m\u0142odzik\u00f3w i 122 junior\u00f3w).<\/span><\/p>\n<p class=\"Textbody\"><span style=\"font-family: 'Arial',sans-serif;\">Niestety, w tym roku nikt z naszej szko\u0142y nie zakwalifikowa\u0142 si\u0119 do fina\u0142u konkursu &#8211; \u017cyczymy powodzenia za rok!<\/span><\/p>\n<p class=\"Textbody\" style=\"text-align: right;\" align=\"right\"><span style=\"font-family: 'Arial',sans-serif;\">koordynator konkursu Beata Michalak<\/span><\/p>\n","protected":false},"excerpt":{"rendered":"<p>&#46;&#46;&#46;<\/p>\n","protected":false},"author":4,"featured_media":3984,"comment_status":"open","ping_status":"open","sticky":false,"template":"","format":"standard","meta":{"ngg_post_thumbnail":0,"footnotes":""},"categories":[1],"tags":[],"class_list":["post-3930","post","type-post","status-publish","format-standard","has-post-thumbnail","hentry","category-wiadomosci"],"_links":{"self":[{"href":"https:\/\/sp22.pl\/nowa\/index.php\/wp-json\/wp\/v2\/posts\/3930","targetHints":{"allow":["GET"]}}],"collection":[{"href":"https:\/\/sp22.pl\/nowa\/index.php\/wp-json\/wp\/v2\/posts"}],"about":[{"href":"https:\/\/sp22.pl\/nowa\/index.php\/wp-json\/wp\/v2\/types\/post"}],"author":[{"embeddable":true,"href":"https:\/\/sp22.pl\/nowa\/index.php\/wp-json\/wp\/v2\/users\/4"}],"replies":[{"embeddable":true,"href":"https:\/\/sp22.pl\/nowa\/index.php\/wp-json\/wp\/v2\/comments?post=3930"}],"version-history":[{"count":5,"href":"https:\/\/sp22.pl\/nowa\/index.php\/wp-json\/wp\/v2\/posts\/3930\/revisions"}],"predecessor-version":[{"id":3986,"href":"https:\/\/sp22.pl\/nowa\/index.php\/wp-json\/wp\/v2\/posts\/3930\/revisions\/3986"}],"wp:featuredmedia":[{"embeddable":true,"href":"https:\/\/sp22.pl\/nowa\/index.php\/wp-json\/wp\/v2\/media\/3984"}],"wp:attachment":[{"href":"https:\/\/sp22.pl\/nowa\/index.php\/wp-json\/wp\/v2\/media?parent=3930"}],"wp:term":[{"taxonomy":"category","embeddable":true,"href":"https:\/\/sp22.pl\/nowa\/index.php\/wp-json\/wp\/v2\/categories?post=3930"},{"taxonomy":"post_tag","embeddable":true,"href":"https:\/\/sp22.pl\/nowa\/index.php\/wp-json\/wp\/v2\/tags?post=3930"}],"curies":[{"name":"wp","href":"https:\/\/api.w.org\/{rel}","templated":true}]}}