{"id":3885,"date":"2023-10-27T05:40:30","date_gmt":"2023-10-27T03:40:30","guid":{"rendered":"http:\/\/sp22.pl\/nowa\/?p=3885"},"modified":"2023-11-21T05:41:18","modified_gmt":"2023-11-21T04:41:18","slug":"xlv-rajd-pieczonego-ziemniaka","status":"publish","type":"post","link":"https:\/\/sp22.pl\/nowa\/index.php\/2023\/10\/27\/xlv-rajd-pieczonego-ziemniaka\/","title":{"rendered":"XLV Rajd Pieczonego Ziemniaka"},"content":{"rendered":"<p style=\"text-align: left;\"><span style=\"color: #000000;\">W sobot\u0119 7 pa\u017adziernika 2023 r. odby\u0142 si\u0119 <strong>XLV Rajd Pieczonego Ziemniaka<\/strong>. Jego celem by\u0142o uczczenie 90. rocznicy Zorganizowanej Turystyki w P\u0142ocku. Poza tym organizator &#8211; PTTK P\u0142ock &#8211; chcia\u0142 zach\u0119ci\u0107 uczni\u00f3w, nauczycieli oraz rodzic\u00f3w do aktywnego wypoczynku. Tym razem trasa wynosi\u0142a 8 km. W rajdzie wzi\u0119li udzia\u0142 cz\u0142onkowie i sympatycy SKKT \u201e Rajdowcy\u201d, w tym liczna reprezentacja klasy 4c wraz z wychowawczyni\u0105 p. Renat\u0105 Markiewicz. Tu\u017c przed godzin\u0105 10<sup>00 <\/sup>wyruszyli\u015bmy&nbsp; sprzed szko\u0142y. Naszym celem by\u0142a SP nr 20 w Borowiczkach. Nie wystraszy\u0142a nas wietrzna pogoda, ani zachmurzone niebo. Ca\u0142\u0105 tras\u0119 pokonali\u015bmy w dobrych humorach. Po drodze mieli\u015bmy kilka postoj\u00f3w. Na jednym z nich, w lesie, zbudowali\u015bmy sza\u0142as. Sprawi\u0142o nam to wiele rado\u015bci. Na mecie czeka\u0142y na nas pyszne pieczone ziemniaki, polane mase\u0142kiem i doprawione przyprawami. Zjedli\u015bmy je z apetytem. Ponadto zdobyli\u015bmy dla szko\u0142y puchar i dyplom &#8211; zaj\u0119li\u015bmy II miejsce w\u015br\u00f3d szk\u00f3\u0142 podstawowych. W drog\u0119 powrotn\u0105 udali\u015bmy si\u0119 inn\u0105 tras\u0105 i ju\u017c bez przerw dotarli\u015bmy do naszej szko\u0142y, gdzie czekali na nas rodzice. Byli\u015bmy troch\u0119 zm\u0119czeni, ale te\u017c bardzo zadowoleni. Kolejny rajd odb\u0119dzie si\u0119 18 listopada. Zach\u0119camy do udzia\u0142u, poniewa\u017c jest to \u015bwietna przygoda!<\/span><\/p>\n<p>ngg_shortcode_0_placeholder<em>Relacj\u0119 z rajdu przygotowa\u0142a Zofia Felicja Zieli\u0144ska z klasy 4 c \ud83d\ude42<br \/>\nZdj\u0119cia: Przemys\u0142aw Zieli\u0144ski, Jaros\u0142aw Zieli\u0144ski, Katarzyna Wi\u015bniewska &#8211; Godle\u015b.<\/em><\/p>\n","protected":false},"excerpt":{"rendered":"<p>&#46;&#46;&#46;<\/p>\n","protected":false},"author":4,"featured_media":3891,"comment_status":"open","ping_status":"open","sticky":false,"template":"","format":"standard","meta":{"ngg_post_thumbnail":0,"footnotes":""},"categories":[1],"tags":[],"class_list":["post-3885","post","type-post","status-publish","format-standard","has-post-thumbnail","hentry","category-wiadomosci"],"_links":{"self":[{"href":"https:\/\/sp22.pl\/nowa\/index.php\/wp-json\/wp\/v2\/posts\/3885","targetHints":{"allow":["GET"]}}],"collection":[{"href":"https:\/\/sp22.pl\/nowa\/index.php\/wp-json\/wp\/v2\/posts"}],"about":[{"href":"https:\/\/sp22.pl\/nowa\/index.php\/wp-json\/wp\/v2\/types\/post"}],"author":[{"embeddable":true,"href":"https:\/\/sp22.pl\/nowa\/index.php\/wp-json\/wp\/v2\/users\/4"}],"replies":[{"embeddable":true,"href":"https:\/\/sp22.pl\/nowa\/index.php\/wp-json\/wp\/v2\/comments?post=3885"}],"version-history":[{"count":5,"href":"https:\/\/sp22.pl\/nowa\/index.php\/wp-json\/wp\/v2\/posts\/3885\/revisions"}],"predecessor-version":[{"id":3969,"href":"https:\/\/sp22.pl\/nowa\/index.php\/wp-json\/wp\/v2\/posts\/3885\/revisions\/3969"}],"wp:featuredmedia":[{"embeddable":true,"href":"https:\/\/sp22.pl\/nowa\/index.php\/wp-json\/wp\/v2\/media\/3891"}],"wp:attachment":[{"href":"https:\/\/sp22.pl\/nowa\/index.php\/wp-json\/wp\/v2\/media?parent=3885"}],"wp:term":[{"taxonomy":"category","embeddable":true,"href":"https:\/\/sp22.pl\/nowa\/index.php\/wp-json\/wp\/v2\/categories?post=3885"},{"taxonomy":"post_tag","embeddable":true,"href":"https:\/\/sp22.pl\/nowa\/index.php\/wp-json\/wp\/v2\/tags?post=3885"}],"curies":[{"name":"wp","href":"https:\/\/api.w.org\/{rel}","templated":true}]}}