{"id":3866,"date":"2023-10-27T05:27:44","date_gmt":"2023-10-27T03:27:44","guid":{"rendered":"http:\/\/sp22.pl\/nowa\/?p=3866"},"modified":"2024-01-23T12:20:17","modified_gmt":"2024-01-23T11:20:17","slug":"ogolnopolski_dzien_czytania_dzieciom","status":"publish","type":"post","link":"https:\/\/sp22.pl\/nowa\/index.php\/2023\/10\/27\/ogolnopolski_dzien_czytania_dzieciom\/","title":{"rendered":"Og\u00f3lnopolski Dzie\u0144 Czytania Dzieciom"},"content":{"rendered":"<p style=\"font-variant-ligatures: normal; font-variant-caps: normal; orphans: 2; text-align: start; widows: 2; -webkit-text-stroke-width: 0px; word-spacing: 0px;\"><span style=\"color: #000000;\"><strong><span style=\"font-family: Arial, sans-serif;\">29 wrze\u015bnia 2023 r. obchodzili\u015bmy<\/span> <span style=\"font-family: Arial, sans-serif;\">Og\u00f3lnopolski Dzie\u0144 Czytania Dzieciom.<\/span><\/strong><b><\/b><\/span><\/p>\n<p style=\"font-variant-ligatures: normal; font-variant-caps: normal; orphans: 2; text-align: start; widows: 2; -webkit-text-stroke-width: 0px; word-spacing: 0px;\"><span style=\"font-family: Arial, sans-serif; color: #000000;\">Z tej okazji pani Alicja Wojda przygotowa\u0142a dla uczni\u00f3w i rodzic\u00f3w, w \u0142\u0105czniku szko\u0142y, okoliczno\u015bciow\u0105 gazetk\u0119.<\/span><\/p>\n<p><img loading=\"lazy\" decoding=\"async\" class=\"wp-image-3944 aligncenter\" src=\"https:\/\/sp22.pl\/nowa\/wp-content\/uploads\/2023\/11\/01_dzien_czytania_2023_24.jpg\" alt=\"Gazetka z napisem czytanie daje moc, przedstawiaj\u0105ca informacje o poetach, pisarzach.\" width=\"394\" height=\"526\" srcset=\"https:\/\/sp22.pl\/nowa\/wp-content\/uploads\/2023\/11\/01_dzien_czytania_2023_24.jpg 576w, https:\/\/sp22.pl\/nowa\/wp-content\/uploads\/2023\/11\/01_dzien_czytania_2023_24-225x300.jpg 225w\" sizes=\"auto, (max-width: 394px) 100vw, 394px\" \/><\/p>\n<p><img loading=\"lazy\" decoding=\"async\" class=\"wp-image-3945 aligncenter\" src=\"https:\/\/sp22.pl\/nowa\/wp-content\/uploads\/2023\/11\/02_dzien_czytania_2023_24.jpg\" alt=\"Grupa uczni\u00f3w na tle gazetki zatytu\u0142owanej &quot;Czytanie daje moc&quot;, wykonanej przez pani\u0105 Alicj\u0119 Wojd\u0119.\" width=\"500\" height=\"429\" srcset=\"https:\/\/sp22.pl\/nowa\/wp-content\/uploads\/2023\/11\/02_dzien_czytania_2023_24.jpg 895w, https:\/\/sp22.pl\/nowa\/wp-content\/uploads\/2023\/11\/02_dzien_czytania_2023_24-300x257.jpg 300w, https:\/\/sp22.pl\/nowa\/wp-content\/uploads\/2023\/11\/02_dzien_czytania_2023_24-768x659.jpg 768w\" sizes=\"auto, (max-width: 500px) 100vw, 500px\" \/><\/p>\n<p><span style=\"font-family: 'Arial',sans-serif; color: black;\">&nbsp;<\/span><\/p>\n<p style=\"font-variant-ligatures: normal; font-variant-caps: normal; orphans: 2; text-align: start; widows: 2; -webkit-text-stroke-width: 0px; word-spacing: 0px;\"><span style=\"font-family: Arial, sans-serif; color: #000000;\">Klasom 1C i 1E, kt\u00f3re odwiedzi\u0142a pani Iwona Blank, towarzyszy\u0142y niezwyk\u0142e prze\u017cycia podczas s\u0142uchania opowie\u015bci \u201eKochany Kret\u201d Zofii Staneckiej.<\/span><\/p>\n<p><img loading=\"lazy\" decoding=\"async\" class=\"wp-image-3947 aligncenter\" src=\"https:\/\/sp22.pl\/nowa\/wp-content\/uploads\/2023\/11\/04_dzien_czytania_2023_24.jpg\" alt=\"Klasa 1C i 1E z pani\u0105 Iwon\u0105 Blank podczas czytania ksi\u0105\u017cki &quot;Kochany Kret&quot; Zofii Staneckiej.\" width=\"499\" height=\"531\" srcset=\"https:\/\/sp22.pl\/nowa\/wp-content\/uploads\/2023\/11\/04_dzien_czytania_2023_24.jpg 722w, https:\/\/sp22.pl\/nowa\/wp-content\/uploads\/2023\/11\/04_dzien_czytania_2023_24-282x300.jpg 282w\" sizes=\"auto, (max-width: 499px) 100vw, 499px\" \/><\/p>\n<p><img loading=\"lazy\" decoding=\"async\" class=\"wp-image-3946 aligncenter\" src=\"https:\/\/sp22.pl\/nowa\/wp-content\/uploads\/2023\/11\/03_dzien_czytania_2023_24.jpg\" alt=\"Klasa 1C i 1E z pani\u0105 Iwon\u0105 Blank podczas czytania ksi\u0105\u017cki &quot;Kochany Kret&quot; Zofii Staneckiej.\" width=\"496\" height=\"372\" srcset=\"https:\/\/sp22.pl\/nowa\/wp-content\/uploads\/2023\/11\/03_dzien_czytania_2023_24.jpg 1024w, https:\/\/sp22.pl\/nowa\/wp-content\/uploads\/2023\/11\/03_dzien_czytania_2023_24-300x225.jpg 300w, https:\/\/sp22.pl\/nowa\/wp-content\/uploads\/2023\/11\/03_dzien_czytania_2023_24-768x576.jpg 768w\" sizes=\"auto, (max-width: 496px) 100vw, 496px\" \/><\/p>\n<p><span style=\"font-family: Arial, sans-serif; color: #000000;\">Wyj\u0105tkowa atmosfera sprzyja\u0142a poznaniu przez klas\u0119 1F przyg\u00f3d bohater\u00f3w ksi\u0105\u017cki&nbsp;\u201eJa te\u017c robi\u0119 straszne rzeczy\u201d Tomasza Minkiewicza, z kt\u00f3rymi zapozna\u0142a uczni\u00f3w pani Renata Piliczewska.<\/span><\/p>\n<p><img loading=\"lazy\" decoding=\"async\" class=\"wp-image-3948 aligncenter\" src=\"https:\/\/sp22.pl\/nowa\/wp-content\/uploads\/2023\/11\/05_dzien_czytania_2023_24.jpg\" alt=\" Grupa uczni\u00f3w z klasy 1F z pani\u0105 Renat\u0105 Piliczewsk\u0105 w czasie s\u0142uchania przyg\u00f3d bohater\u00f3w ksi\u0105\u017cki &quot;Ja te\u017c robi\u0119 straszne rzeczy&quot;.\" width=\"503\" height=\"461\" srcset=\"https:\/\/sp22.pl\/nowa\/wp-content\/uploads\/2023\/11\/05_dzien_czytania_2023_24.jpg 838w, https:\/\/sp22.pl\/nowa\/wp-content\/uploads\/2023\/11\/05_dzien_czytania_2023_24-300x275.jpg 300w, https:\/\/sp22.pl\/nowa\/wp-content\/uploads\/2023\/11\/05_dzien_czytania_2023_24-768x704.jpg 768w\" sizes=\"auto, (max-width: 503px) 100vw, 503px\" \/><\/p>\n<p><span style=\"font-family: Arial, sans-serif; color: #000000;\">O emocjach ma\u0142ego koteczka z ksi\u0105\u017cki Tadeusza Rossa, uczniom z klasy 1D, opowiada\u0142a pani Renata Sobieszy\u0144ska.<\/span><\/p>\n<p><img loading=\"lazy\" decoding=\"async\" class=\" wp-image-3949 aligncenter\" src=\"https:\/\/sp22.pl\/nowa\/wp-content\/uploads\/2023\/11\/06_dzien_czytania_2023_24.jpg\" alt=\"Klasa 1D w czasie s\u0142uchania opowiadania &quot;Emocje&quot;, czytanego przez pani\u0105 Renat\u0119 sobieszy\u0144sk\u0105.\" width=\"513\" height=\"684\" srcset=\"https:\/\/sp22.pl\/nowa\/wp-content\/uploads\/2023\/11\/06_dzien_czytania_2023_24.jpg 576w, https:\/\/sp22.pl\/nowa\/wp-content\/uploads\/2023\/11\/06_dzien_czytania_2023_24-225x300.jpg 225w\" sizes=\"auto, (max-width: 513px) 100vw, 513px\" \/><\/p>\n<p><img loading=\"lazy\" decoding=\"async\" class=\" wp-image-3950 aligncenter\" src=\"https:\/\/sp22.pl\/nowa\/wp-content\/uploads\/2023\/11\/07_dzien_czytania_2023_24.jpg\" alt=\"Klasa 1D w czasie s\u0142uchania opowiadania &quot;Emocje&quot;, czytanego przez pani\u0105 Renat\u0119 sobieszy\u0144sk\u0105.\" width=\"514\" height=\"685\" srcset=\"https:\/\/sp22.pl\/nowa\/wp-content\/uploads\/2023\/11\/07_dzien_czytania_2023_24.jpg 576w, https:\/\/sp22.pl\/nowa\/wp-content\/uploads\/2023\/11\/07_dzien_czytania_2023_24-225x300.jpg 225w\" sizes=\"auto, (max-width: 514px) 100vw, 514px\" \/><\/p>\n<p>&nbsp;<\/p>\n<p>&nbsp;<\/p>\n","protected":false},"excerpt":{"rendered":"<p>&#46;&#46;&#46;<\/p>\n","protected":false},"author":4,"featured_media":3952,"comment_status":"open","ping_status":"open","sticky":false,"template":"","format":"standard","meta":{"ngg_post_thumbnail":0,"footnotes":""},"categories":[1],"tags":[],"class_list":["post-3866","post","type-post","status-publish","format-standard","has-post-thumbnail","hentry","category-wiadomosci"],"_links":{"self":[{"href":"https:\/\/sp22.pl\/nowa\/index.php\/wp-json\/wp\/v2\/posts\/3866","targetHints":{"allow":["GET"]}}],"collection":[{"href":"https:\/\/sp22.pl\/nowa\/index.php\/wp-json\/wp\/v2\/posts"}],"about":[{"href":"https:\/\/sp22.pl\/nowa\/index.php\/wp-json\/wp\/v2\/types\/post"}],"author":[{"embeddable":true,"href":"https:\/\/sp22.pl\/nowa\/index.php\/wp-json\/wp\/v2\/users\/4"}],"replies":[{"embeddable":true,"href":"https:\/\/sp22.pl\/nowa\/index.php\/wp-json\/wp\/v2\/comments?post=3866"}],"version-history":[{"count":4,"href":"https:\/\/sp22.pl\/nowa\/index.php\/wp-json\/wp\/v2\/posts\/3866\/revisions"}],"predecessor-version":[{"id":3951,"href":"https:\/\/sp22.pl\/nowa\/index.php\/wp-json\/wp\/v2\/posts\/3866\/revisions\/3951"}],"wp:featuredmedia":[{"embeddable":true,"href":"https:\/\/sp22.pl\/nowa\/index.php\/wp-json\/wp\/v2\/media\/3952"}],"wp:attachment":[{"href":"https:\/\/sp22.pl\/nowa\/index.php\/wp-json\/wp\/v2\/media?parent=3866"}],"wp:term":[{"taxonomy":"category","embeddable":true,"href":"https:\/\/sp22.pl\/nowa\/index.php\/wp-json\/wp\/v2\/categories?post=3866"},{"taxonomy":"post_tag","embeddable":true,"href":"https:\/\/sp22.pl\/nowa\/index.php\/wp-json\/wp\/v2\/tags?post=3866"}],"curies":[{"name":"wp","href":"https:\/\/api.w.org\/{rel}","templated":true}]}}