{"id":3828,"date":"2023-10-23T09:15:24","date_gmt":"2023-10-23T07:15:24","guid":{"rendered":"http:\/\/sp22.pl\/nowa\/?p=3828"},"modified":"2023-10-23T09:16:28","modified_gmt":"2023-10-23T07:16:28","slug":"dzien-edukacji-narodowej-2","status":"publish","type":"post","link":"https:\/\/sp22.pl\/nowa\/index.php\/2023\/10\/23\/dzien-edukacji-narodowej-2\/","title":{"rendered":"Dzie\u0144 Edukacji Narodowej"},"content":{"rendered":"<p><span style=\"color: #000000;\">12 pa\u017adziernika w naszej szkole odby\u0142 si\u0119 apel okoliczno\u015bciowy z okazji \u015awi\u0119ta Edukacji Narodowej, podczas kt\u00f3rego Pan Dyrektor Janusz Banasiak z\u0142o\u017cy\u0142 \u017cyczenia ca\u0142emu gronu pedagogicznemu oraz wszystkim pracownikom szko\u0142y. Tradycyjnie tego dnia wr\u0119czy\u0142 r\u00f3wnie\u017c nagrody niekt\u00f3rym z&nbsp;nich, gratuluj\u0105c sukces\u00f3w w pracy.<\/span><\/p>\n<p><span style=\"color: #000000;\">W dalszej cz\u0119\u015bci uroczysto\u015bci prowadz\u0105ce akademi\u0119 uczennice klasy 6 a \u2013 Zuzanna oraz Marika poddawa\u0142y pr\u00f3bom nagrodzonych nauczycieli, kt\u00f3rzy mieli udowodni\u0107, \u017ce na nie zas\u0142u\u017cyli.<\/span><\/p>\n<p><span style=\"color: #000000;\">Gor\u0105cy doping i aplauz publiczno\u015bci sprawi\u0142y, \u017ce wszystkie zadania nauczyciele wykonali wspaniale, a niekt\u00f3rzy wr\u0119cz brawurowo!<\/span><\/p>\n<p><span style=\"color: #000000;\">O uatrakcyjnienie szkolnego \u015bwi\u0119ta zadba\u0142a Pani Lidia Dziewi\u0119cka &#8211; autorka scenariusza, we wsp\u00f3\u0142pracy z Pani\u0105 Edyt\u0105 Wo\u017aniak, Joann\u0105 Poddenek i Ann\u0105 Ejnik. Dekoracj\u0119 wykona\u0142a Pani Anna Figurska i Ewa Figurska. Oprawa muzyczna nale\u017ca\u0142a do Pana \u0141ukasza Grockiego, serwis fotograficzny \u2013 Pani Marta Szumska.<\/span><\/p>\n<p><span style=\"color: #000000;\">Jeszcze raz \u017cyczymy naszym nauczycielom wszystkiego najlepszego!!!<\/span><\/p>\nngg_shortcode_0_placeholder\n","protected":false},"excerpt":{"rendered":"<p>&#46;&#46;&#46;<\/p>\n","protected":false},"author":4,"featured_media":3829,"comment_status":"open","ping_status":"open","sticky":false,"template":"","format":"standard","meta":{"ngg_post_thumbnail":0,"footnotes":""},"categories":[1],"tags":[],"class_list":["post-3828","post","type-post","status-publish","format-standard","has-post-thumbnail","hentry","category-wiadomosci"],"_links":{"self":[{"href":"https:\/\/sp22.pl\/nowa\/index.php\/wp-json\/wp\/v2\/posts\/3828","targetHints":{"allow":["GET"]}}],"collection":[{"href":"https:\/\/sp22.pl\/nowa\/index.php\/wp-json\/wp\/v2\/posts"}],"about":[{"href":"https:\/\/sp22.pl\/nowa\/index.php\/wp-json\/wp\/v2\/types\/post"}],"author":[{"embeddable":true,"href":"https:\/\/sp22.pl\/nowa\/index.php\/wp-json\/wp\/v2\/users\/4"}],"replies":[{"embeddable":true,"href":"https:\/\/sp22.pl\/nowa\/index.php\/wp-json\/wp\/v2\/comments?post=3828"}],"version-history":[{"count":2,"href":"https:\/\/sp22.pl\/nowa\/index.php\/wp-json\/wp\/v2\/posts\/3828\/revisions"}],"predecessor-version":[{"id":3831,"href":"https:\/\/sp22.pl\/nowa\/index.php\/wp-json\/wp\/v2\/posts\/3828\/revisions\/3831"}],"wp:featuredmedia":[{"embeddable":true,"href":"https:\/\/sp22.pl\/nowa\/index.php\/wp-json\/wp\/v2\/media\/3829"}],"wp:attachment":[{"href":"https:\/\/sp22.pl\/nowa\/index.php\/wp-json\/wp\/v2\/media?parent=3828"}],"wp:term":[{"taxonomy":"category","embeddable":true,"href":"https:\/\/sp22.pl\/nowa\/index.php\/wp-json\/wp\/v2\/categories?post=3828"},{"taxonomy":"post_tag","embeddable":true,"href":"https:\/\/sp22.pl\/nowa\/index.php\/wp-json\/wp\/v2\/tags?post=3828"}],"curies":[{"name":"wp","href":"https:\/\/api.w.org\/{rel}","templated":true}]}}