{"id":3585,"date":"2023-09-19T04:09:52","date_gmt":"2023-09-19T02:09:52","guid":{"rendered":"http:\/\/sp22.pl\/nowa\/?p=3585"},"modified":"2023-10-17T18:37:11","modified_gmt":"2023-10-17T16:37:11","slug":"narodowe-czytanie-nad-niemnem-elizy-orzeszkowej","status":"publish","type":"post","link":"https:\/\/sp22.pl\/nowa\/index.php\/2023\/09\/19\/narodowe-czytanie-nad-niemnem-elizy-orzeszkowej\/","title":{"rendered":"Narodowe Czytanie &#8222;Nad Niemnem&#8221; Elizy Orzeszkowej"},"content":{"rendered":"<p><img loading=\"lazy\" decoding=\"async\" class=\"alignnone size-full wp-image-3582\" src=\"https:\/\/sp22.pl\/nowa\/wp-content\/uploads\/2023\/09\/narodowe_czytanie_2_2023_24.jpg\" alt=\"\" width=\"1024\" height=\"526\" srcset=\"https:\/\/sp22.pl\/nowa\/wp-content\/uploads\/2023\/09\/narodowe_czytanie_2_2023_24.jpg 1024w, https:\/\/sp22.pl\/nowa\/wp-content\/uploads\/2023\/09\/narodowe_czytanie_2_2023_24-300x154.jpg 300w, https:\/\/sp22.pl\/nowa\/wp-content\/uploads\/2023\/09\/narodowe_czytanie_2_2023_24-768x395.jpg 768w\" sizes=\"auto, (max-width: 1024px) 100vw, 1024px\" \/><\/p>\n<p><span style=\"color: #000000;\">W tym roku ju\u017c po raz 12. Ksi\u0105\u017cnica P\u0142ocka zaprosi\u0142a nas do udzia\u0142u w Narodowym Czytaniu. Akcja, kt\u00f3rej patronuje Para Prezydencka, odbywa si\u0119 w ca\u0142ej Polsce, mog\u0105 w niej wzi\u0105\u0107 udzia\u0142 wszystkie ch\u0119tne osoby.<\/span><\/p>\n<p><span style=\"color: #000000;\">W sobot\u0119 9 wrze\u015bnia w ogrodzie Ksi\u0105\u017cnicy P\u0142ockiej fragmenty powie\u015bci Elizy Orzeszkowej \u201eNad Niemnem\u201d czytali przedstawiciele w\u0142adz miasta, ludzie kultury, medi\u00f3w, nauczyciele oraz uczniowie.<\/span><\/p>\n<p><span style=\"color: #000000;\">Nasz\u0105 Szko\u0142\u0119 reprezentowa\u0142 Dyrektor Janusz Banasiak oraz uczniowie: Zuzanna Przemy\u0142ska z klasy 8c, Wiktoria Gawli\u0144ska i Wojciech Lewandowski z klasy 7d. W stylizacjach z epoki zaprezentowali licznie zgromadzonej publiczno\u015bci fragment powie\u015bci, kt\u00f3ra pomimo up\u0142ywu czasu nadal wzrusza i zachwyca.<\/span><\/p>\n<p><img loading=\"lazy\" decoding=\"async\" class=\"alignnone size-full wp-image-3581\" src=\"https:\/\/sp22.pl\/nowa\/wp-content\/uploads\/2023\/09\/narodowe_czytanie_1_2023_24.jpg\" alt=\"\" width=\"849\" height=\"768\" srcset=\"https:\/\/sp22.pl\/nowa\/wp-content\/uploads\/2023\/09\/narodowe_czytanie_1_2023_24.jpg 849w, https:\/\/sp22.pl\/nowa\/wp-content\/uploads\/2023\/09\/narodowe_czytanie_1_2023_24-300x271.jpg 300w, https:\/\/sp22.pl\/nowa\/wp-content\/uploads\/2023\/09\/narodowe_czytanie_1_2023_24-768x695.jpg 768w\" sizes=\"auto, (max-width: 849px) 100vw, 849px\" \/><\/p>\n","protected":false},"excerpt":{"rendered":"<p>&#46;&#46;&#46;<\/p>\n","protected":false},"author":4,"featured_media":3581,"comment_status":"open","ping_status":"open","sticky":false,"template":"","format":"standard","meta":{"ngg_post_thumbnail":0,"footnotes":""},"categories":[1],"tags":[],"class_list":["post-3585","post","type-post","status-publish","format-standard","has-post-thumbnail","hentry","category-wiadomosci"],"_links":{"self":[{"href":"https:\/\/sp22.pl\/nowa\/index.php\/wp-json\/wp\/v2\/posts\/3585","targetHints":{"allow":["GET"]}}],"collection":[{"href":"https:\/\/sp22.pl\/nowa\/index.php\/wp-json\/wp\/v2\/posts"}],"about":[{"href":"https:\/\/sp22.pl\/nowa\/index.php\/wp-json\/wp\/v2\/types\/post"}],"author":[{"embeddable":true,"href":"https:\/\/sp22.pl\/nowa\/index.php\/wp-json\/wp\/v2\/users\/4"}],"replies":[{"embeddable":true,"href":"https:\/\/sp22.pl\/nowa\/index.php\/wp-json\/wp\/v2\/comments?post=3585"}],"version-history":[{"count":4,"href":"https:\/\/sp22.pl\/nowa\/index.php\/wp-json\/wp\/v2\/posts\/3585\/revisions"}],"predecessor-version":[{"id":3748,"href":"https:\/\/sp22.pl\/nowa\/index.php\/wp-json\/wp\/v2\/posts\/3585\/revisions\/3748"}],"wp:featuredmedia":[{"embeddable":true,"href":"https:\/\/sp22.pl\/nowa\/index.php\/wp-json\/wp\/v2\/media\/3581"}],"wp:attachment":[{"href":"https:\/\/sp22.pl\/nowa\/index.php\/wp-json\/wp\/v2\/media?parent=3585"}],"wp:term":[{"taxonomy":"category","embeddable":true,"href":"https:\/\/sp22.pl\/nowa\/index.php\/wp-json\/wp\/v2\/categories?post=3585"},{"taxonomy":"post_tag","embeddable":true,"href":"https:\/\/sp22.pl\/nowa\/index.php\/wp-json\/wp\/v2\/tags?post=3585"}],"curies":[{"name":"wp","href":"https:\/\/api.w.org\/{rel}","templated":true}]}}