{"id":3583,"date":"2023-09-19T04:06:38","date_gmt":"2023-09-19T02:06:38","guid":{"rendered":"http:\/\/sp22.pl\/nowa\/?p=3583"},"modified":"2023-10-17T18:37:34","modified_gmt":"2023-10-17T16:37:34","slug":"rozpoczecie-roku-szkolnego-2023-24-klas-pierwszych","status":"publish","type":"post","link":"https:\/\/sp22.pl\/nowa\/index.php\/2023\/09\/19\/rozpoczecie-roku-szkolnego-2023-24-klas-pierwszych\/","title":{"rendered":"Rozpocz\u0119cie roku szkolnego 2023\/24 klas pierwszych"},"content":{"rendered":"<p>W dniu 4 wrze\u015bnia 2023 roku odby\u0142o si\u0119 w naszej szkole uroczyste rozpocz\u0119cie roku szkolnego 2023\/24 dla klas pierwszych.<\/p>\n<p>W uroczysto\u015bci udzia\u0142 wzi\u0119li Pierwszoklasi\u015bci z Rodzicami, Wychowawcy klas pierwszych, Dyrekcja szko\u0142y oraz zaproszeni go\u015bcie.<\/p>\n<p>Przyby\u0142ych uczni\u00f3w klas pierwszych wraz z rodzicami uroczy\u015bcie przywita\u0142 dyrektor szko\u0142y Pan Janusz Banasiak oraz zast\u0119pca dyrektora szko\u0142y Pani Marlena B\u0142achowicz.<\/p>\n<p>Uroczysto\u015b\u0107 rozpocz\u0119\u0142a si\u0119 od prezentacji pocztu sztandarowego szko\u0142y oraz za\u015bpiewania hymnu narodowego.<\/p>\n<p>Nast\u0119pnie odby\u0142o si\u0119 \u015blubowanie klas pierwszych. Uczniowie z\u0142o\u017cyli uroczyst\u0105 przysi\u0119g\u0119 na ucznia klasy pierwszej. Po \u015blubowaniu odby\u0142o si\u0119 pasowanie uczni\u00f3w przez Dyrekcj\u0119 szko\u0142y, Wychowawc\u00f3w, Nauczycieli i Przewodnicz\u0105cego Rady Rodzic\u00f3w. Ka\u017cdy ucze\u0144 otrzyma\u0142 na pami\u0105tk\u0119 tego wydarzenia odznak\u0119 z logo szko\u0142y.<\/p>\n<p>Po cz\u0119\u015bci oficjalnej odby\u0142y si\u0119 okoliczno\u015bciowe pokazy artystyczne przygotowane i zaprezentowane przez uczni\u00f3w szko\u0142y.&nbsp; W pokazie tanecznym wyst\u0105pi\u0142 zesp\u00f3\u0142 pod opiek\u0105 Pani Anny Figurskiej oraz Pani Ewy Figurskiej, ch\u00f3r szkolny pod opiek\u0105 Pana \u0141ukasza Grockiego. Na zako\u0144czenie cz\u0119\u015bci artystycznej uczennica z klasy 4 e zaprezentowa\u0142a recytacj\u0119 okoliczno\u015bciowego wiersza.<\/p>\n<p>Po zako\u0144czeniu uroczysto\u015bci na forum pierwszoklasi\u015bci z rodzicami i wychowawcami udali si\u0119 na spotkanie do wyznaczonych sal.<\/p>\n<p>Wszystkim pierwszoklasistom \u017cyczymy du\u017co sukces\u00f3w i rado\u015bci!<\/p>\n<p>ngg_shortcode_0_placeholderUroczysto\u015b\u0107 przygotowana przez: A. Figurska i M. Stefa\u0144ska, \u0141. Grocki, M. \u0141akomski, M. Szumska, zesp\u00f3\u0142 \u015bwietlicowy.<\/p>\n","protected":false},"excerpt":{"rendered":"<p>&#46;&#46;&#46;<\/p>\n","protected":false},"author":4,"featured_media":3641,"comment_status":"open","ping_status":"open","sticky":false,"template":"","format":"standard","meta":{"ngg_post_thumbnail":0,"footnotes":""},"categories":[1],"tags":[],"class_list":["post-3583","post","type-post","status-publish","format-standard","has-post-thumbnail","hentry","category-wiadomosci"],"_links":{"self":[{"href":"https:\/\/sp22.pl\/nowa\/index.php\/wp-json\/wp\/v2\/posts\/3583","targetHints":{"allow":["GET"]}}],"collection":[{"href":"https:\/\/sp22.pl\/nowa\/index.php\/wp-json\/wp\/v2\/posts"}],"about":[{"href":"https:\/\/sp22.pl\/nowa\/index.php\/wp-json\/wp\/v2\/types\/post"}],"author":[{"embeddable":true,"href":"https:\/\/sp22.pl\/nowa\/index.php\/wp-json\/wp\/v2\/users\/4"}],"replies":[{"embeddable":true,"href":"https:\/\/sp22.pl\/nowa\/index.php\/wp-json\/wp\/v2\/comments?post=3583"}],"version-history":[{"count":6,"href":"https:\/\/sp22.pl\/nowa\/index.php\/wp-json\/wp\/v2\/posts\/3583\/revisions"}],"predecessor-version":[{"id":3749,"href":"https:\/\/sp22.pl\/nowa\/index.php\/wp-json\/wp\/v2\/posts\/3583\/revisions\/3749"}],"wp:featuredmedia":[{"embeddable":true,"href":"https:\/\/sp22.pl\/nowa\/index.php\/wp-json\/wp\/v2\/media\/3641"}],"wp:attachment":[{"href":"https:\/\/sp22.pl\/nowa\/index.php\/wp-json\/wp\/v2\/media?parent=3583"}],"wp:term":[{"taxonomy":"category","embeddable":true,"href":"https:\/\/sp22.pl\/nowa\/index.php\/wp-json\/wp\/v2\/categories?post=3583"},{"taxonomy":"post_tag","embeddable":true,"href":"https:\/\/sp22.pl\/nowa\/index.php\/wp-json\/wp\/v2\/tags?post=3583"}],"curies":[{"name":"wp","href":"https:\/\/api.w.org\/{rel}","templated":true}]}}