{"id":3436,"date":"2023-07-04T09:29:32","date_gmt":"2023-07-04T07:29:32","guid":{"rendered":"http:\/\/sp22.pl\/nowa\/?p=3436"},"modified":"2023-10-17T18:38:15","modified_gmt":"2023-10-17T16:38:15","slug":"zakonczenie-3-klas","status":"publish","type":"post","link":"https:\/\/sp22.pl\/nowa\/index.php\/2023\/07\/04\/zakonczenie-3-klas\/","title":{"rendered":"Uroczysto\u015b\u0107 zako\u0144czenia roku szkolnego 2022\/23 klas trzecich"},"content":{"rendered":"<p><span style=\"color: #000000;\"><span style=\"font-size: medium;\"><span style=\"font-family: Arial, serif;\">23 czerwca 2023 roku w naszej szkole odby\u0142o si\u0119 po\u017cegnanie uczni\u00f3w klas trzecich. Uroczysto\u015b\u0107 prowadzona by\u0142a przez Pani\u0105 Marlen\u0119 B\u0142achowicz \u2013 zast\u0119pc\u0119 Dyrektora Szko\u0142y. Spotkanie rozpocz\u0105\u0142 Pan Dyrektor Janusz Banasiak witaj\u0105c wszystkich zebranych na uroczysto\u015bci, a szczeg\u00f3lnie gor\u0105co uczni\u00f3w klas trzecich, wychowawc\u00f3w i rodzic\u00f3w. Serdeczne s\u0142owa skierowa\u0142 do zebranych go\u015bci r\u00f3wnie\u017c przewodnicz\u0105cy Rady Rodzic\u00f3w Pan Przemys\u0142aw Zieli\u0144ski. <\/span><span style=\"font-family: Arial, serif;\">Podczas uroczysto\u015bci zosta\u0142y wr\u0119czone nagrody ksi\u0105\u017ckowe, kt\u00f3rych fundatorem by\u0142a Rada Rodzic\u00f3w Szko\u0142y Podstawowej z Oddzia\u0142ami Integracyjnymi nr 22 w P\u0142ocku i dyplomy za wysokie osi\u0105gni\u0119cia dla uczni\u00f3w, kt\u00f3rzy ch\u0119tnie brali udzia\u0142 w konkursach szkolnych i pozaszkolnych \u2013 Szkolnej Lidze Przedmiotowej z edukacji polonistycznej i matematycznej, Og\u00f3lnopolskiej Olimpiadzie z edukacji polonistycznej, matematycznej i j. angielskiego Olimpusek oraz w Mi\u0119dzynarodowym Konkursie Kangur Matematyczny. W podzi\u0119kowaniu za osi\u0105gni\u0119te wyniki w nauce i zachowaniu uczniowie klas trzecich otrzymali nagrody ksi\u0105\u017ckowe. Na zako\u0144czenie uroczysto\u015bci zosta\u0142a przedstawiona kr\u00f3tka cz\u0119\u015b\u0107 artystyczna, <\/span><span style=\"font-family: Arial, serif;\">po kt\u00f3rej uczniowie wraz z wychowawcami udali si\u0119 do swoich klas na ostatnie spotkanie<\/span><span style=\"font-family: Arial, serif;\">.<\/span><\/span><\/span><\/p>\nngg_shortcode_0_placeholder\n","protected":false},"excerpt":{"rendered":"<p>&#46;&#46;&#46;<\/p>\n","protected":false},"author":4,"featured_media":3514,"comment_status":"open","ping_status":"open","sticky":false,"template":"","format":"standard","meta":{"ngg_post_thumbnail":0,"footnotes":""},"categories":[1],"tags":[],"class_list":["post-3436","post","type-post","status-publish","format-standard","has-post-thumbnail","hentry","category-wiadomosci"],"_links":{"self":[{"href":"https:\/\/sp22.pl\/nowa\/index.php\/wp-json\/wp\/v2\/posts\/3436","targetHints":{"allow":["GET"]}}],"collection":[{"href":"https:\/\/sp22.pl\/nowa\/index.php\/wp-json\/wp\/v2\/posts"}],"about":[{"href":"https:\/\/sp22.pl\/nowa\/index.php\/wp-json\/wp\/v2\/types\/post"}],"author":[{"embeddable":true,"href":"https:\/\/sp22.pl\/nowa\/index.php\/wp-json\/wp\/v2\/users\/4"}],"replies":[{"embeddable":true,"href":"https:\/\/sp22.pl\/nowa\/index.php\/wp-json\/wp\/v2\/comments?post=3436"}],"version-history":[{"count":6,"href":"https:\/\/sp22.pl\/nowa\/index.php\/wp-json\/wp\/v2\/posts\/3436\/revisions"}],"predecessor-version":[{"id":3751,"href":"https:\/\/sp22.pl\/nowa\/index.php\/wp-json\/wp\/v2\/posts\/3436\/revisions\/3751"}],"wp:featuredmedia":[{"embeddable":true,"href":"https:\/\/sp22.pl\/nowa\/index.php\/wp-json\/wp\/v2\/media\/3514"}],"wp:attachment":[{"href":"https:\/\/sp22.pl\/nowa\/index.php\/wp-json\/wp\/v2\/media?parent=3436"}],"wp:term":[{"taxonomy":"category","embeddable":true,"href":"https:\/\/sp22.pl\/nowa\/index.php\/wp-json\/wp\/v2\/categories?post=3436"},{"taxonomy":"post_tag","embeddable":true,"href":"https:\/\/sp22.pl\/nowa\/index.php\/wp-json\/wp\/v2\/tags?post=3436"}],"curies":[{"name":"wp","href":"https:\/\/api.w.org\/{rel}","templated":true}]}}