{"id":3434,"date":"2023-07-04T09:28:40","date_gmt":"2023-07-04T07:28:40","guid":{"rendered":"http:\/\/sp22.pl\/nowa\/?p=3434"},"modified":"2023-10-17T18:38:36","modified_gmt":"2023-10-17T16:38:36","slug":"bal-8-klas","status":"publish","type":"post","link":"https:\/\/sp22.pl\/nowa\/index.php\/2023\/07\/04\/bal-8-klas\/","title":{"rendered":"Bal \u00f3smoklasisty"},"content":{"rendered":"<p><img loading=\"lazy\" decoding=\"async\" class=\"alignnone size-full wp-image-3481\" src=\"https:\/\/sp22.pl\/nowa\/wp-content\/uploads\/2023\/07\/bal_8_klas_2022_23_obrazek_wyrozniajacy_a.png\" alt=\"Uczniowie klas \u00f3smych w wizytowych strojach ta\u0144cz\u0105 poloneza.\" width=\"675\" height=\"450\" srcset=\"https:\/\/sp22.pl\/nowa\/wp-content\/uploads\/2023\/07\/bal_8_klas_2022_23_obrazek_wyrozniajacy_a.png 675w, https:\/\/sp22.pl\/nowa\/wp-content\/uploads\/2023\/07\/bal_8_klas_2022_23_obrazek_wyrozniajacy_a-300x200.png 300w\" sizes=\"auto, (max-width: 675px) 100vw, 675px\" \/><\/p>\n<p><span style=\"font-family: Arial, sans-serif; color: #000000;\"><span style=\"font-size: medium;\">16.06.2023r. <\/span><\/span><\/p>\n<p><span style=\"font-family: Arial, sans-serif; color: #000000;\"><span style=\"font-size: medium;\">godz.17.00<\/span><\/span><\/p>\n<p><span style=\"font-family: Arial, sans-serif; color: #000000;\"><span style=\"font-size: medium;\">Poloneza czas zacz\u0105\u0107! \u2013 s\u0142owami Podkomorzego zwr\u00f3ci\u0142 si\u0119 do \u00f3smoklasist\u00f3w dyrektor szko\u0142y Pan Janusz Banasiak. Kilkudziesi\u0119ciu uczni\u00f3w krokiem pe\u0142nym wdzi\u0119ku, dumy i rado\u015bci, na pi\u0119knie przystrojonej sali gimnastycznej zata\u0144czy\u0142o Poloneza. Chwil\u0119 p\u00f3\u017aniej z obola\u0142ych n\u00f3\u017cek pospada\u0142y pantofelki, kt\u00f3re musia\u0142y ust\u0105pi\u0107 wygodnym do ta\u0144ca tenis\u00f3wkom. Tak zacz\u0119\u0142a si\u0119 wspania\u0142a zabawa, kt\u00f3rej nie by\u0142o ko\u0144ca. <\/span><\/span><\/p>\n<p><span style=\"font-family: Arial, sans-serif; color: #000000;\"><span style=\"font-size: medium;\">Dzi\u0119kujemy Rodzicom za moc atrakcji, kt\u00f3re u\u015bwietni\u0142y niezapomnian\u0105 zabaw\u0119 i zach\u0119camy do obejrzenia zdj\u0119\u0107.<\/span><\/span><\/p>\n<p><span style=\"font-family: Arial, sans-serif; color: #000000;\"><span style=\"font-size: medium;\"> \u0179r\u00f3d\u0142o zdj\u0119\u0107: Portal P\u0142ock &#8211; fot. Micha\u0142 Wi\u015bniewski.<\/span><\/span><\/p>\n<p><a href=\"https:\/\/portalplock.pl\/wiadomosci\/bal-osmoklasisty-na-podolszycach-bawi-sie-sp22-zdjecia\/Td7BPOlBA6wDXEAYeDM0\">Zapraszamy do galerii zdj\u0119\u0107.<\/a><\/p>\n<p>&nbsp;<\/p>\n","protected":false},"excerpt":{"rendered":"<p>&#46;&#46;&#46;<\/p>\n","protected":false},"author":4,"featured_media":3481,"comment_status":"open","ping_status":"open","sticky":false,"template":"","format":"standard","meta":{"ngg_post_thumbnail":0,"footnotes":""},"categories":[1],"tags":[],"class_list":["post-3434","post","type-post","status-publish","format-standard","has-post-thumbnail","hentry","category-wiadomosci"],"_links":{"self":[{"href":"https:\/\/sp22.pl\/nowa\/index.php\/wp-json\/wp\/v2\/posts\/3434","targetHints":{"allow":["GET"]}}],"collection":[{"href":"https:\/\/sp22.pl\/nowa\/index.php\/wp-json\/wp\/v2\/posts"}],"about":[{"href":"https:\/\/sp22.pl\/nowa\/index.php\/wp-json\/wp\/v2\/types\/post"}],"author":[{"embeddable":true,"href":"https:\/\/sp22.pl\/nowa\/index.php\/wp-json\/wp\/v2\/users\/4"}],"replies":[{"embeddable":true,"href":"https:\/\/sp22.pl\/nowa\/index.php\/wp-json\/wp\/v2\/comments?post=3434"}],"version-history":[{"count":5,"href":"https:\/\/sp22.pl\/nowa\/index.php\/wp-json\/wp\/v2\/posts\/3434\/revisions"}],"predecessor-version":[{"id":3752,"href":"https:\/\/sp22.pl\/nowa\/index.php\/wp-json\/wp\/v2\/posts\/3434\/revisions\/3752"}],"wp:featuredmedia":[{"embeddable":true,"href":"https:\/\/sp22.pl\/nowa\/index.php\/wp-json\/wp\/v2\/media\/3481"}],"wp:attachment":[{"href":"https:\/\/sp22.pl\/nowa\/index.php\/wp-json\/wp\/v2\/media?parent=3434"}],"wp:term":[{"taxonomy":"category","embeddable":true,"href":"https:\/\/sp22.pl\/nowa\/index.php\/wp-json\/wp\/v2\/categories?post=3434"},{"taxonomy":"post_tag","embeddable":true,"href":"https:\/\/sp22.pl\/nowa\/index.php\/wp-json\/wp\/v2\/tags?post=3434"}],"curies":[{"name":"wp","href":"https:\/\/api.w.org\/{rel}","templated":true}]}}