{"id":3430,"date":"2023-07-04T09:27:12","date_gmt":"2023-07-04T07:27:12","guid":{"rendered":"http:\/\/sp22.pl\/nowa\/?p=3430"},"modified":"2024-07-01T20:56:34","modified_gmt":"2024-07-01T18:56:34","slug":"miedzyszkolny-konkurs-multimedialny-2","status":"publish","type":"post","link":"https:\/\/sp22.pl\/nowa\/index.php\/2023\/07\/04\/miedzyszkolny-konkurs-multimedialny-2\/","title":{"rendered":"Mi\u0119dzyszkolny Konkurs Multimedialny"},"content":{"rendered":"<p><span style=\"color: #000000;\">\u201eWstrzyma\u0142 S\u0142o\u0144ce, ruszy\u0142 Ziemi\u0119\u201d &#8211; pod takim has\u0142em odby\u0142 si\u0119 Mi\u0119dzyszkolny Konkurs Multimedialny organizowany przez nasz\u0105 szko\u0142\u0119, w kt\u00f3rym wzi\u0119li udzia\u0142 uczniowie wielu p\u0142ockich szk\u00f3\u0142 podstawowych. Uczniowie klas 1- 4 zaprezentowali swoje umiej\u0119tno\u015bci wykonuj\u0105c rysunek w dowolnym edytorze graficznym. Natomiast przed uczniami klas 5 \u2013 8 postawiono trudniejsze wyzwanie. Ta grupa wiekowa przygotowa\u0142a animacj\u0119, film, gr\u0119, quiz wykorzystuj\u0105c r\u00f3\u017cne aplikacje np. Scratch. Jury mia\u0142o nie\u0142atwe zadanie, aby wy\u0142oni\u0107 najlepsze prace, kt\u00f3re by\u0142y wykonane na bardzo wysokim poziomie. Przedstawiamy laureat\u00f3w konkursu.<\/span><\/p>\n<p><span style=\"color: #000000;\"><strong>Klasy 1- 4&nbsp; \/grafika\/<\/strong><\/span><\/p>\n<p><span style=\"color: #000000;\">I miejsce \u2013 Aleksandra Okraska SP 11<\/span><\/p>\n<p><span style=\"color: #000000;\">II miejsce \u2013 Szymon Wasilewski SP 11<\/span><\/p>\n<p><span style=\"color: #000000;\">III miejsce &#8211;&nbsp; Igor Fabiszewski SP 21<\/span><\/p>\n<p><span style=\"color: #000000;\">wyr\u00f3\u017cnienie \u2013 Szymon Zi\u00f3\u0142kowski SP 22<\/span><\/p>\n<p><span style=\"color: #000000;\"><strong>Klasy 5 &#8211; 8&nbsp; \/gra, animacja, film\/<\/strong><\/span><\/p>\n<p><span style=\"color: #000000;\">I miejsce \u2013 Franciszek Pajewski SP 3<\/span><\/p>\n<p><span style=\"color: #000000;\">II miejsce \u2013 Julia Kaniewska SP 21<\/span><\/p>\n<p><span style=\"color: #000000;\">III miejsce &#8211;&nbsp; Maciej Kruk SP 11<\/span><\/p>\n<p><span style=\"color: #000000;\">wyr\u00f3\u017cnienie \u2013 Alicja J\u00f3\u017awiak SP 22<\/span><\/p>\n<p><span style=\"color: #000000;\">wyr\u00f3\u017cnienie \u2013 Adam Mroziewicz SP 3<\/span><\/p>\n<p><span style=\"color: #000000;\">Sponsorem nagr\u00f3d by\u0142a Rada Rodzic\u00f3w Szko\u0142y Podstawowej z Oddzia\u0142ami Integracyjnymi nr 22 w P\u0142ocku. Uroczystego wr\u0119czenia nagr\u00f3d dokona\u0142 Przewodnicz\u0105cy Rady &#8211; Pan Przemys\u0142aw Zieli\u0144ski oraz Pani Monika Przemy\u0142ska &#8211; kierownik \u015bwietlicy szkolnej. Serdecznie dzi\u0119kujemy i zapraszamy do udzia\u0142u w konkursie w kolejnych edycjach.<\/span><\/p>\nngg_shortcode_0_placeholder\n","protected":false},"excerpt":{"rendered":"<p>&#46;&#46;&#46;<\/p>\n","protected":false},"author":4,"featured_media":6432,"comment_status":"open","ping_status":"open","sticky":false,"template":"","format":"standard","meta":{"ngg_post_thumbnail":0,"footnotes":""},"categories":[1],"tags":[],"class_list":["post-3430","post","type-post","status-publish","format-standard","has-post-thumbnail","hentry","category-wiadomosci"],"_links":{"self":[{"href":"https:\/\/sp22.pl\/nowa\/index.php\/wp-json\/wp\/v2\/posts\/3430","targetHints":{"allow":["GET"]}}],"collection":[{"href":"https:\/\/sp22.pl\/nowa\/index.php\/wp-json\/wp\/v2\/posts"}],"about":[{"href":"https:\/\/sp22.pl\/nowa\/index.php\/wp-json\/wp\/v2\/types\/post"}],"author":[{"embeddable":true,"href":"https:\/\/sp22.pl\/nowa\/index.php\/wp-json\/wp\/v2\/users\/4"}],"replies":[{"embeddable":true,"href":"https:\/\/sp22.pl\/nowa\/index.php\/wp-json\/wp\/v2\/comments?post=3430"}],"version-history":[{"count":3,"href":"https:\/\/sp22.pl\/nowa\/index.php\/wp-json\/wp\/v2\/posts\/3430\/revisions"}],"predecessor-version":[{"id":6433,"href":"https:\/\/sp22.pl\/nowa\/index.php\/wp-json\/wp\/v2\/posts\/3430\/revisions\/6433"}],"wp:featuredmedia":[{"embeddable":true,"href":"https:\/\/sp22.pl\/nowa\/index.php\/wp-json\/wp\/v2\/media\/6432"}],"wp:attachment":[{"href":"https:\/\/sp22.pl\/nowa\/index.php\/wp-json\/wp\/v2\/media?parent=3430"}],"wp:term":[{"taxonomy":"category","embeddable":true,"href":"https:\/\/sp22.pl\/nowa\/index.php\/wp-json\/wp\/v2\/categories?post=3430"},{"taxonomy":"post_tag","embeddable":true,"href":"https:\/\/sp22.pl\/nowa\/index.php\/wp-json\/wp\/v2\/tags?post=3430"}],"curies":[{"name":"wp","href":"https:\/\/api.w.org\/{rel}","templated":true}]}}