{"id":3391,"date":"2023-06-27T09:11:48","date_gmt":"2023-06-27T07:11:48","guid":{"rendered":"http:\/\/sp22.pl\/nowa\/?p=3391"},"modified":"2023-10-17T18:39:00","modified_gmt":"2023-10-17T16:39:00","slug":"zakonczenie-roku-szkolnego","status":"publish","type":"post","link":"https:\/\/sp22.pl\/nowa\/index.php\/2023\/06\/27\/zakonczenie-roku-szkolnego\/","title":{"rendered":"VI edycja Konkursu Ortograficznego &#8222;O Pi\u00f3ro Dyrektora Szko\u0142y&#8221;"},"content":{"rendered":"<p><span style=\"color: #000000;\">Dnia 5 czerwca 2023r. odby\u0142a si\u0119 kolejna edycja konkursu ortograficznego &#8222;O Pi\u00f3ro Dyrektora Szko\u0142y&#8221;. Uczestnikami byli uczniowie klas drugich i trzecich. Mieli oni okazj\u0119 sprawdzenia swoich umiej\u0119tno\u015bci w zakresie stosowania zasad ortograficznych w praktyce.&nbsp;<\/span><\/p>\n<p><span style=\"color: #000000;\">Uroczyste podsumowanie konkursu odby\u0142o si\u0119 16 czerwca 2023r. w bibliotece szkolnej. Wszyscy uczniowie bior\u0105cy udzia\u0142 w konkursie otrzymali dyplomy i nagrody ksi\u0105\u017ckowe, a laureaci pierwszych miejsc wieczne pi\u00f3ro, kt\u00f3ego fundatorem by\u0142 Dyrektor Szko\u0142y &#8211; Pan Janusz Banasiak.&nbsp;<\/span><\/p>\n<p><span style=\"color: #000000;\">Oto zwyci\u0119zcy:<\/span><\/p>\n<p><span style=\"color: #000000;\">KLSAY 2<\/span><\/p>\n<p><span style=\"color: #000000;\">I miejsce &#8211; Zuzanna Jab\u0142o\u0144ska<\/span><\/p>\n<p><span style=\"color: #000000;\">II miejsce &#8211; Filip Trzybi\u0144ski<\/span><\/p>\n<p><span style=\"color: #000000;\">III miejsce &#8211; Micha\u0142 Wierzchowski<\/span><\/p>\n<p><span style=\"color: #000000;\">IV miejsce &#8211; Hanna Grabowska<\/span><\/p>\n<p><span style=\"color: #000000;\">V miejsce &#8211; Natalia Rakowska<\/span><\/p>\n<p><span style=\"color: #000000;\">KLASY 3&nbsp;<\/span><\/p>\n<p><span style=\"color: #000000;\">I miejsce &#8211; Zofia Felicja Zieli\u0144ska<\/span><\/p>\n<p><span style=\"color: #000000;\">II miejsce &#8211; Kornelia Szwech<\/span><\/p>\n<p><span style=\"color: #000000;\">III miejsce &#8211; Santiago Blanco Lewicki<\/span><\/p>\n<p><span style=\"color: #000000;\">IV miejsce &#8211; Alicja Przedpe\u0142ska<\/span><\/p>\n<p><span style=\"color: #000000;\">V miejsce &#8211; Amelia Karasiewicz<\/span><\/p>\n<p><span style=\"color: #000000;\">Dzi\u0119kujemy wszystkim za udzia\u0142 w tej szkolnej rywalizacji i serdecznie gratulujemy zwyci\u0119zcom i wszystkim uczestnikom konkursu.&nbsp;<\/span><\/p>\nngg_shortcode_0_placeholder\n","protected":false},"excerpt":{"rendered":"<p>&#46;&#46;&#46;<\/p>\n","protected":false},"author":4,"featured_media":3429,"comment_status":"open","ping_status":"open","sticky":false,"template":"","format":"standard","meta":{"ngg_post_thumbnail":0,"footnotes":""},"categories":[1],"tags":[],"class_list":["post-3391","post","type-post","status-publish","format-standard","has-post-thumbnail","hentry","category-wiadomosci"],"_links":{"self":[{"href":"https:\/\/sp22.pl\/nowa\/index.php\/wp-json\/wp\/v2\/posts\/3391","targetHints":{"allow":["GET"]}}],"collection":[{"href":"https:\/\/sp22.pl\/nowa\/index.php\/wp-json\/wp\/v2\/posts"}],"about":[{"href":"https:\/\/sp22.pl\/nowa\/index.php\/wp-json\/wp\/v2\/types\/post"}],"author":[{"embeddable":true,"href":"https:\/\/sp22.pl\/nowa\/index.php\/wp-json\/wp\/v2\/users\/4"}],"replies":[{"embeddable":true,"href":"https:\/\/sp22.pl\/nowa\/index.php\/wp-json\/wp\/v2\/comments?post=3391"}],"version-history":[{"count":7,"href":"https:\/\/sp22.pl\/nowa\/index.php\/wp-json\/wp\/v2\/posts\/3391\/revisions"}],"predecessor-version":[{"id":3753,"href":"https:\/\/sp22.pl\/nowa\/index.php\/wp-json\/wp\/v2\/posts\/3391\/revisions\/3753"}],"wp:featuredmedia":[{"embeddable":true,"href":"https:\/\/sp22.pl\/nowa\/index.php\/wp-json\/wp\/v2\/media\/3429"}],"wp:attachment":[{"href":"https:\/\/sp22.pl\/nowa\/index.php\/wp-json\/wp\/v2\/media?parent=3391"}],"wp:term":[{"taxonomy":"category","embeddable":true,"href":"https:\/\/sp22.pl\/nowa\/index.php\/wp-json\/wp\/v2\/categories?post=3391"},{"taxonomy":"post_tag","embeddable":true,"href":"https:\/\/sp22.pl\/nowa\/index.php\/wp-json\/wp\/v2\/tags?post=3391"}],"curies":[{"name":"wp","href":"https:\/\/api.w.org\/{rel}","templated":true}]}}