{"id":3388,"date":"2023-06-25T10:05:54","date_gmt":"2023-06-25T08:05:54","guid":{"rendered":"http:\/\/sp22.pl\/nowa\/?p=3388"},"modified":"2023-10-17T18:39:23","modified_gmt":"2023-10-17T16:39:23","slug":"festyn-rodzinny-zyj-eko-zdrowo-i-kolorowo","status":"publish","type":"post","link":"https:\/\/sp22.pl\/nowa\/index.php\/2023\/06\/25\/festyn-rodzinny-zyj-eko-zdrowo-i-kolorowo\/","title":{"rendered":"Festyn Rodzinny &#8222;\u017byj Eko &#8211; Zdrowo i Kolorowo&#8221;"},"content":{"rendered":"<p align=\"LEFT\"><span style=\"color: #000000;\"><span style=\"font-family: Arial, sans-serif;\"><span style=\"font-size: medium;\">3 czerwca odby\u0142a si\u0119 kolejna edycja Festynu Rodzinnego, organizowanego w ramach Mi\u0119dzynarodowego Dnia Rodziny. Has\u0142o przewodnie imprezy to:<\/span><\/span><\/span><\/p>\n<p align=\"LEFT\"><span style=\"color: #000000;\"> \u201e<span style=\"font-family: Arial, sans-serif;\"><span style=\"font-size: medium;\">\u017bYJ EKO \u2013 ZDROWO I KOLOROWO\u201d. <\/span><\/span><\/span><\/p>\n<p align=\"LEFT\"><span style=\"font-family: Arial, sans-serif; color: #000000;\"><span style=\"font-size: medium;\"> Dzieci uczestniczy\u0142y w aktywno\u015bciach plastycznych, przyrodniczych, kt\u00f3rych uwie\u0144czeniem by\u0142o stworzenie szkolnego mini ogr\u00f3dka, oraz grach i zabawach o charakterze ekologicznym, rekreacyjnym, sportowym. Anga\u017cowa\u0142y si\u0119 r\u00f3wnie\u017c w rozwi\u0105zywanie zagadek, quiz\u00f3w j\u0119zykowych, matematycznych, a tak\u017ce dotycz\u0105cych zdrowia i bezpiecze\u0144stwa. Ogromn\u0105 atrakcj\u0105 okaza\u0142o si\u0119 tak\u017ce eksperymentarium chemiczne.<\/span><\/span><\/p>\n<p align=\"LEFT\"><span style=\"font-family: Arial, sans-serif; color: #000000;\"><span style=\"font-size: medium;\"> Nauczyciele, wraz ze swoimi wychowankami, przygotowali dla uczni\u00f3w i ca\u0142ej spo\u0142eczno\u015bci osiedla wiele atrakcji zwi\u0105zanych zar\u00f3wno z ekologi\u0105, jak i zdrowiem, zgodnie z powiedzeniem \u201dDla ka\u017cdego, co\u015b mi\u0142ego\u201d. <\/span><\/span><\/p>\n<p align=\"LEFT\"><span style=\"color: #000000;\"><a style=\"color: #000000;\" name=\"Bookmark\"><\/a><span style=\"font-family: Arial, sans-serif;\"><span style=\"font-size: medium;\"> Podczas festynu odby\u0142y si\u0119 r\u00f3wnie\u017c TALENTARIA, czyli przegl\u0105d szkolnych, dzieci\u0119cych talent\u00f3w. <\/span><\/span><\/span><\/p>\n<p align=\"LEFT\"><span style=\"font-family: Arial, sans-serif; color: #000000;\"><span style=\"font-size: medium;\"> Ca\u0142\u0105 imprez\u0119 u\u015bwietni\u0142y wyst\u0119py szkolnego ch\u00f3ru Tu \u2013 Tu oraz pokazy taneczne.<\/span><\/span><\/p>\nngg_shortcode_0_placeholder\n","protected":false},"excerpt":{"rendered":"<p>&#46;&#46;&#46;<\/p>\n","protected":false},"author":4,"featured_media":3390,"comment_status":"open","ping_status":"open","sticky":false,"template":"","format":"standard","meta":{"ngg_post_thumbnail":0,"footnotes":""},"categories":[1],"tags":[],"class_list":["post-3388","post","type-post","status-publish","format-standard","has-post-thumbnail","hentry","category-wiadomosci"],"_links":{"self":[{"href":"https:\/\/sp22.pl\/nowa\/index.php\/wp-json\/wp\/v2\/posts\/3388","targetHints":{"allow":["GET"]}}],"collection":[{"href":"https:\/\/sp22.pl\/nowa\/index.php\/wp-json\/wp\/v2\/posts"}],"about":[{"href":"https:\/\/sp22.pl\/nowa\/index.php\/wp-json\/wp\/v2\/types\/post"}],"author":[{"embeddable":true,"href":"https:\/\/sp22.pl\/nowa\/index.php\/wp-json\/wp\/v2\/users\/4"}],"replies":[{"embeddable":true,"href":"https:\/\/sp22.pl\/nowa\/index.php\/wp-json\/wp\/v2\/comments?post=3388"}],"version-history":[{"count":2,"href":"https:\/\/sp22.pl\/nowa\/index.php\/wp-json\/wp\/v2\/posts\/3388\/revisions"}],"predecessor-version":[{"id":3754,"href":"https:\/\/sp22.pl\/nowa\/index.php\/wp-json\/wp\/v2\/posts\/3388\/revisions\/3754"}],"wp:featuredmedia":[{"embeddable":true,"href":"https:\/\/sp22.pl\/nowa\/index.php\/wp-json\/wp\/v2\/media\/3390"}],"wp:attachment":[{"href":"https:\/\/sp22.pl\/nowa\/index.php\/wp-json\/wp\/v2\/media?parent=3388"}],"wp:term":[{"taxonomy":"category","embeddable":true,"href":"https:\/\/sp22.pl\/nowa\/index.php\/wp-json\/wp\/v2\/categories?post=3388"},{"taxonomy":"post_tag","embeddable":true,"href":"https:\/\/sp22.pl\/nowa\/index.php\/wp-json\/wp\/v2\/tags?post=3388"}],"curies":[{"name":"wp","href":"https:\/\/api.w.org\/{rel}","templated":true}]}}