{"id":3315,"date":"2023-06-25T07:56:13","date_gmt":"2023-06-25T05:56:13","guid":{"rendered":"http:\/\/sp22.pl\/nowa\/?p=3315"},"modified":"2023-10-17T18:40:38","modified_gmt":"2023-10-17T16:40:38","slug":"czytanie-na-polanie-xxii-ogolnopolski-tydzien-czytania-dzieciom","status":"publish","type":"post","link":"https:\/\/sp22.pl\/nowa\/index.php\/2023\/06\/25\/czytanie-na-polanie-xxii-ogolnopolski-tydzien-czytania-dzieciom\/","title":{"rendered":"Czytanie na Polanie &#8211; XXII Og\u00f3lnopolski Tydzie\u0144 Czytania Dzieciom"},"content":{"rendered":"<p style=\"text-align: left;\" align=\"LEFT\"><span style=\"color: #000000;\"><span style=\"font-family: Arial, sans-serif;\"><span style=\"font-size: medium;\">W tym roku w ramach XXII Og\u00f3lnopolskiego Tygodnia Czytania Dzieciom w\u0142\u0105czyli\u015bmy si\u0119 w &nbsp;I Og\u00f3lnopolsk\u0105 Akcj\u0119 \u201eCzytanie na Polanie&#8221;, kt\u00f3rej organizatorem jest Szko\u0142a Podstawowa w D\u0105browie G\u00f3rniczej, a patronat honorowy obj\u0119\u0142a, m. in. Fundacja Powszechnego Czytania, Stowarzyszenie Bibliotekarzy Polskich oraz Fundacja ABCXXI Ca\u0142a Polska czyta dzieciom. <\/span><\/span><\/span><\/p>\n<p style=\"text-align: left;\" align=\"LEFT\"><span style=\"color: #000000;\"><span style=\"font-family: Arial, sans-serif;\"><span style=\"font-size: medium;\">Od 1 do 7 czerwca zapraszali\u015bmy uczni\u00f3w klas 1-3 do wsp\u00f3lnego czytania poza murami szko\u0142y, organizuj\u0105c w otoczeniu zieleni niecodzienn\u0105 przestrze\u0144 czytelnicz\u0105.<\/span><\/span><\/span><\/p>\n<p style=\"text-align: left;\" align=\"LEFT\"><span style=\"color: #000000;\"><span style=\"font-family: Arial, sans-serif;\"><span style=\"font-size: medium;\">W akcj\u0119 w\u0142\u0105czyli si\u0119 wolontariusze &#8211; uczniowie ze starszych klas: Zuzia z 5a, Kuba z 5e, Wiktoria i Wojtek z 6d, Adrianna, Nina, Lena, Zuzia i Weronika z 7c, Zosia z 8h, Wiktor z 8f oraz Aurora i Wojtek z 8s. Dzi\u0119ki ich zaanga\u017cowaniu uczniowie z trzynastu klas oraz uczestnicy zaj\u0119\u0107 korekcyjno-kompensacyjnych mogli pozna\u0107 losy kr\u00f3lewny Juli i tajemniczego smoka. Nie zabrak\u0142o element\u00f3w inscenizacji, a ciekawe rekwizyty przyci\u0105ga\u0142y uwag\u0119 m\u0142odych s\u0142uchaczy.<\/span><\/span><\/span><\/p>\n<p style=\"text-align: left;\" align=\"LEFT\"><span style=\"color: #000000;\"><span style=\"font-family: Arial, sans-serif;\"><span style=\"font-size: medium;\">Dzi\u0119kujemy wszystkim za zaanga\u017cowanie!<\/span><\/span><\/span><\/p>\nngg_shortcode_0_placeholder\n","protected":false},"excerpt":{"rendered":"<p>&#46;&#46;&#46;<\/p>\n","protected":false},"author":4,"featured_media":3318,"comment_status":"open","ping_status":"open","sticky":false,"template":"","format":"standard","meta":{"ngg_post_thumbnail":0,"footnotes":""},"categories":[1],"tags":[],"class_list":["post-3315","post","type-post","status-publish","format-standard","has-post-thumbnail","hentry","category-wiadomosci"],"_links":{"self":[{"href":"https:\/\/sp22.pl\/nowa\/index.php\/wp-json\/wp\/v2\/posts\/3315","targetHints":{"allow":["GET"]}}],"collection":[{"href":"https:\/\/sp22.pl\/nowa\/index.php\/wp-json\/wp\/v2\/posts"}],"about":[{"href":"https:\/\/sp22.pl\/nowa\/index.php\/wp-json\/wp\/v2\/types\/post"}],"author":[{"embeddable":true,"href":"https:\/\/sp22.pl\/nowa\/index.php\/wp-json\/wp\/v2\/users\/4"}],"replies":[{"embeddable":true,"href":"https:\/\/sp22.pl\/nowa\/index.php\/wp-json\/wp\/v2\/comments?post=3315"}],"version-history":[{"count":3,"href":"https:\/\/sp22.pl\/nowa\/index.php\/wp-json\/wp\/v2\/posts\/3315\/revisions"}],"predecessor-version":[{"id":3757,"href":"https:\/\/sp22.pl\/nowa\/index.php\/wp-json\/wp\/v2\/posts\/3315\/revisions\/3757"}],"wp:featuredmedia":[{"embeddable":true,"href":"https:\/\/sp22.pl\/nowa\/index.php\/wp-json\/wp\/v2\/media\/3318"}],"wp:attachment":[{"href":"https:\/\/sp22.pl\/nowa\/index.php\/wp-json\/wp\/v2\/media?parent=3315"}],"wp:term":[{"taxonomy":"category","embeddable":true,"href":"https:\/\/sp22.pl\/nowa\/index.php\/wp-json\/wp\/v2\/categories?post=3315"},{"taxonomy":"post_tag","embeddable":true,"href":"https:\/\/sp22.pl\/nowa\/index.php\/wp-json\/wp\/v2\/tags?post=3315"}],"curies":[{"name":"wp","href":"https:\/\/api.w.org\/{rel}","templated":true}]}}