{"id":3272,"date":"2023-06-25T07:06:02","date_gmt":"2023-06-25T05:06:02","guid":{"rendered":"http:\/\/sp22.pl\/nowa\/?p=3272"},"modified":"2023-10-17T18:41:03","modified_gmt":"2023-10-17T16:41:03","slug":"plock-na-szostke","status":"publish","type":"post","link":"https:\/\/sp22.pl\/nowa\/index.php\/2023\/06\/25\/plock-na-szostke\/","title":{"rendered":"&#8222;P\u0142ock na sz\u00f3stk\u0119&#8221;"},"content":{"rendered":"<p align=\"LEFT\"><span style=\"font-family: Arial, sans-serif; color: #000000;\"><span style=\"font-size: medium;\">W maju oraz czerwcu uczniowie klas IVb, IVc oraz IVe brali udzia\u0142 w projekcie realizowanym przez P\u0142ock\u0105 Lokaln\u0105 Organizacj\u0119 Turystyczn\u0105 \u201e<\/span><span style=\"font-size: medium;\">P\u0142ock na Sz\u00f3stk\u0119\u201d.<\/span><span style=\"font-size: medium;\"> Projekt zak\u0142ada\u0142 organizacj\u0119 kilku spotka\u0144, kt\u00f3re przybli\u017cy\u0142y uczniom nasze miasto i jego histori\u0119. <\/span><\/span><\/p>\n<p align=\"LEFT\"><span style=\"font-family: Arial, sans-serif; color: #000000;\"><span style=\"font-size: medium;\">Pierwsze spotkanie odby\u0142o si\u0119 w Muzeum Art Deco. Dzieci uczestniczy\u0142y w warsztatach &#8222;Sztuka kreatywnego my\u015blenia&#8221;, gdzie mieli okazj\u0119 bawi\u0107 si\u0119 sztuk\u0105, prowadzi\u0107 rozmowy<br \/>\no wynalazkach oraz najciekawszych historiach powstania niekt\u00f3rych z nich.<\/span><\/span><\/p>\n<p align=\"LEFT\"><span style=\"font-family: Arial, sans-serif; color: #000000;\"><span style=\"font-size: medium;\">Kolejne spotkanie by\u0142o po\u015bwi\u0119cone \u015bredniowiecznej historii miasta oraz \u017cyciu w dawnym P\u0142ocku. Uczniowie klas czwartych zwiedzali z przewodnikiem Bazylik\u0119 Katedraln\u0105 oraz Muzeum Diecezjalne, gdzie podziwiali eksponaty w skarbcu oraz egzemplarz Biblii P\u0142ockiej<br \/>\nz XII wieku. Spacer po mie\u015bcie i opowie\u015bci o jego pocz\u0105tkach dostarczy\u0142 uczniom niezapomnianych wra\u017ce\u0144.<\/span><\/span><\/p>\n<p align=\"LEFT\"><span style=\"color: #000000;\"><span style=\"font-family: Arial, sans-serif;\"><span style=\"font-size: medium;\">Ostatnim spotkaniem w ramach projektu \u201eP\u0142ock na sz\u00f3stk\u0119\u201d by\u0142 spacer \u015bladami znanych p\u0142occzan. Uczniowie zwiedzili katedr\u0119 oraz Muzeum Mazowieckie i sta\u0142e wystawy &#8222;Z P\u0142ocka<br \/>\ni dla P\u0142ocka&#8221; oraz \u201eGaleri\u0119 P\u0142occzan XX wieku i Galeri\u0119 Themerson\u00f3w\u201d, gdzie poznali m.in.: poet\u0119 W\u0142adys\u0142awa Broniewskiego oraz aktork\u0119 Mir\u0119 Zimi\u0144sk\u0105 &#8211; Sygiety\u0144sk\u0105. <\/span><\/span><\/span><\/p>\n<p align=\"LEFT\"><span style=\"font-family: Arial, sans-serif; color: #000000;\"><span style=\"font-size: medium;\">Na koniec spotkania, po wys\u0142uchaniu na Starym Rynku hejna\u0142u p\u0142ockiego, uczniowie klas czwartych spotkali si\u0119 z Prezydentem Miasta P\u0142ocka w Ratuszu, od kt\u00f3rego otrzymali dyplomy za udzia\u0142 w projekcie.<\/span><\/span><\/p>\nngg_shortcode_0_placeholder\n","protected":false},"excerpt":{"rendered":"<p>&#46;&#46;&#46;<\/p>\n","protected":false},"author":4,"featured_media":3292,"comment_status":"open","ping_status":"open","sticky":false,"template":"","format":"standard","meta":{"ngg_post_thumbnail":0,"footnotes":""},"categories":[1],"tags":[],"class_list":["post-3272","post","type-post","status-publish","format-standard","has-post-thumbnail","hentry","category-wiadomosci"],"_links":{"self":[{"href":"https:\/\/sp22.pl\/nowa\/index.php\/wp-json\/wp\/v2\/posts\/3272","targetHints":{"allow":["GET"]}}],"collection":[{"href":"https:\/\/sp22.pl\/nowa\/index.php\/wp-json\/wp\/v2\/posts"}],"about":[{"href":"https:\/\/sp22.pl\/nowa\/index.php\/wp-json\/wp\/v2\/types\/post"}],"author":[{"embeddable":true,"href":"https:\/\/sp22.pl\/nowa\/index.php\/wp-json\/wp\/v2\/users\/4"}],"replies":[{"embeddable":true,"href":"https:\/\/sp22.pl\/nowa\/index.php\/wp-json\/wp\/v2\/comments?post=3272"}],"version-history":[{"count":3,"href":"https:\/\/sp22.pl\/nowa\/index.php\/wp-json\/wp\/v2\/posts\/3272\/revisions"}],"predecessor-version":[{"id":3758,"href":"https:\/\/sp22.pl\/nowa\/index.php\/wp-json\/wp\/v2\/posts\/3272\/revisions\/3758"}],"wp:featuredmedia":[{"embeddable":true,"href":"https:\/\/sp22.pl\/nowa\/index.php\/wp-json\/wp\/v2\/media\/3292"}],"wp:attachment":[{"href":"https:\/\/sp22.pl\/nowa\/index.php\/wp-json\/wp\/v2\/media?parent=3272"}],"wp:term":[{"taxonomy":"category","embeddable":true,"href":"https:\/\/sp22.pl\/nowa\/index.php\/wp-json\/wp\/v2\/categories?post=3272"},{"taxonomy":"post_tag","embeddable":true,"href":"https:\/\/sp22.pl\/nowa\/index.php\/wp-json\/wp\/v2\/tags?post=3272"}],"curies":[{"name":"wp","href":"https:\/\/api.w.org\/{rel}","templated":true}]}}