{"id":3230,"date":"2023-06-16T05:26:42","date_gmt":"2023-06-16T03:26:42","guid":{"rendered":"http:\/\/sp22.pl\/nowa\/?p=3230"},"modified":"2023-06-16T10:32:24","modified_gmt":"2023-06-16T08:32:24","slug":"cala-polska-czyta-dzieciom","status":"publish","type":"post","link":"https:\/\/sp22.pl\/nowa\/index.php\/2023\/06\/16\/cala-polska-czyta-dzieciom\/","title":{"rendered":"Ca\u0142a Polska Czyta Dzieciom"},"content":{"rendered":"<p><span style=\"color: #000000;\">W dniach 1 \u2013 7 czerwca 2023 r. odby\u0142y si\u0119 w naszej szkole kolejne obchody kampanii spo\u0142ecznej CA\u0141A POLSKA CZYTA DZIECIOM.<\/span><\/p>\n<p><span style=\"color: #000000;\">W ramach tegorocznego \u015bwi\u0119ta odby\u0142 si\u0119 apel klas 1 \u2013 3 pod has\u0142em ,,Czy to s\u0142o\u0144ce , czy to deszcz ksi\u0105\u017cka zawsze dobra jest\u201d.<\/span><\/p>\n<p><span style=\"color: #000000;\">Na scenie dzieci z ko\u0142a teatralnego zaprezentowa\u0142y monta\u017c poetycko- muzyczny o porach roku oraz wiersz Juliana Tuwima ,,Lokomotywa\u201d.<\/span><\/p>\n<p><span style=\"color: #000000;\">Uczniowie&nbsp; z klasy 3b, 3 d oraz 3e przedstawili inscenizacj\u0119 wiersza Juliana Tuwima ,,Rzepka\u201d.<\/span><\/p>\n<p><span style=\"color: #000000;\">Wszystkie dzieci podj\u0119\u0142y pr\u00f3b\u0119 g\u0142o\u015bnego czytania wiersza ,,Rzepka\u201d &nbsp;oraz za\u015bpiewania okoliczno\u015bciowej piosenki ,,Ca\u0142a Polska czyta dzieciom\u201d.<\/span><\/p>\n<p><span style=\"color: #000000;\">W trakcie apelu najlepsi czytelnicy szkolnej biblioteki uhonorowani zostali okoliczno\u015bciowymi dyplomami i nagrodami.<\/span><\/p>\n<p><span style=\"color: #000000;\">Uczniowie przygotowali kolorowe plakaty zwi\u0105zane z tematyk\u0105 wierszy Juliana Tuwima.<\/span><\/p>\n<p><span style=\"color: #000000;\">Starsi uczniowie zaprosili m\u0142odsze dzieci na ,,Czytanie na polanie\u201d.<\/span><\/p>\n<p><span style=\"color: #000000;\">Uczniowie klasy 3b, 3c oraz 3 d wzi\u0119li udzia\u0142 w cyklicznym czytaniu ,,Lokomotywy \u201e Juliana Tuwima organizowanym przez Ksi\u0105\u017cnic\u0119 P\u0142ock\u0105 ,,Czyta\u0107 wypada, czyli ksi\u0105\u017cek parada\u201d&nbsp; organizowanym w ramach obchod\u00f3w kampanii CA\u0141A POLSKA CZYTA DZIECIOM.<\/span><\/p>\n<p><span style=\"color: #000000;\">Wszystkim uczestnikom czytelniczego \u015bwi\u0119ta dzi\u0119kujemy za zaanga\u017cowanie i aktywno\u015b\u0107.<\/span><\/p>\n<p><span style=\"color: #000000;\">Do zobaczenia za rok!<\/span><\/p>\n<p>ngg_shortcode_0_placeholder<span style=\"color: #000000;\">Organizatorzy: Magdalena Stefa\u0144ska,&nbsp;Anna Kowalska,&nbsp;El\u017cbieta Wi\u015bniewska,&nbsp;Klaudia Sobczak,&nbsp;Anna Dymek,&nbsp;Renata Piliczewska,&nbsp;Beata Michalak.<\/span><\/p>\n<p><span style=\"color: #000000;\">Specjalne podzi\u0119kowania dla p. Marty Szumskiej i p. Paw\u0142a Gawro\u0144skiego.<\/span><\/p>\n","protected":false},"excerpt":{"rendered":"<p>&#46;&#46;&#46;<\/p>\n","protected":false},"author":4,"featured_media":3234,"comment_status":"open","ping_status":"open","sticky":false,"template":"","format":"standard","meta":{"ngg_post_thumbnail":0,"footnotes":""},"categories":[1],"tags":[],"class_list":["post-3230","post","type-post","status-publish","format-standard","has-post-thumbnail","hentry","category-wiadomosci"],"_links":{"self":[{"href":"https:\/\/sp22.pl\/nowa\/index.php\/wp-json\/wp\/v2\/posts\/3230","targetHints":{"allow":["GET"]}}],"collection":[{"href":"https:\/\/sp22.pl\/nowa\/index.php\/wp-json\/wp\/v2\/posts"}],"about":[{"href":"https:\/\/sp22.pl\/nowa\/index.php\/wp-json\/wp\/v2\/types\/post"}],"author":[{"embeddable":true,"href":"https:\/\/sp22.pl\/nowa\/index.php\/wp-json\/wp\/v2\/users\/4"}],"replies":[{"embeddable":true,"href":"https:\/\/sp22.pl\/nowa\/index.php\/wp-json\/wp\/v2\/comments?post=3230"}],"version-history":[{"count":4,"href":"https:\/\/sp22.pl\/nowa\/index.php\/wp-json\/wp\/v2\/posts\/3230\/revisions"}],"predecessor-version":[{"id":3235,"href":"https:\/\/sp22.pl\/nowa\/index.php\/wp-json\/wp\/v2\/posts\/3230\/revisions\/3235"}],"wp:featuredmedia":[{"embeddable":true,"href":"https:\/\/sp22.pl\/nowa\/index.php\/wp-json\/wp\/v2\/media\/3234"}],"wp:attachment":[{"href":"https:\/\/sp22.pl\/nowa\/index.php\/wp-json\/wp\/v2\/media?parent=3230"}],"wp:term":[{"taxonomy":"category","embeddable":true,"href":"https:\/\/sp22.pl\/nowa\/index.php\/wp-json\/wp\/v2\/categories?post=3230"},{"taxonomy":"post_tag","embeddable":true,"href":"https:\/\/sp22.pl\/nowa\/index.php\/wp-json\/wp\/v2\/tags?post=3230"}],"curies":[{"name":"wp","href":"https:\/\/api.w.org\/{rel}","templated":true}]}}