{"id":3126,"date":"2023-05-14T16:28:21","date_gmt":"2023-05-14T14:28:21","guid":{"rendered":"http:\/\/sp22.pl\/nowa\/?p=3126"},"modified":"2023-05-14T16:28:21","modified_gmt":"2023-05-14T14:28:21","slug":"niech-pokolenia-pokoleniom-podaja-pamiatke-dnia-tego","status":"publish","type":"post","link":"https:\/\/sp22.pl\/nowa\/index.php\/2023\/05\/14\/niech-pokolenia-pokoleniom-podaja-pamiatke-dnia-tego\/","title":{"rendered":"&#8222;Niech pokolenia pokoleniom podaj\u0105 pami\u0105tk\u0119 dnia tego&#8221;"},"content":{"rendered":"<p><span style=\"color: #000000;\">AKADEMIA 3 MAJA&nbsp;<\/span><\/p>\n<p><span style=\"color: #000000;\">\u201eNiech pokolenia pokoleniom podaj\u0105 pami\u0105tk\u0119 dnia tego\u201d<\/span><\/p>\n<p><span style=\"color: #000000;\">Pi\u0105tkowa akademia z okazji uchwalenia Konstytucji 3 maja mia\u0142a na celu upami\u0119tni\u0107 to niezwyk\u0142e, na skal\u0119 \u015bwiatow\u0105, wydarzenie, jak i przypomnie\u0107 m\u0142odzie\u017cy polskiej o chlubnej przesz\u0142o\u015bci. By\u0142a to mentalna podr\u00f3\u017c do roku 1791, kiedy to nad ustaw\u0105 obradowa\u0142 Sejm Czteroletni, ale w nieco futurystycznej ods\u0142onie. Prowadz\u0105ce (Zofia Garwacka i Natasza Szuli\u0144ska) u\u017cy\u0142y niezwyk\u0142ego wynalazku Netflixa! Jakiego\u017c to?&nbsp; Sk\u0105d wzi\u0119ty? Zupe\u0142ne novum, o jakim m\u00f3wimy,&nbsp; to pilot, kt\u00f3ry cofa, wstrzymuje i przyspiesza czas! \u2013 &nbsp;To za jego spraw\u0105, ku uciesze widz\u00f3w, narratorki sprowadzi\u0142y nie jednego Adama Mickiewicza, ale dw\u00f3ch (w tej roli Patrycja Czerwi\u0144ska, Wiktor Zalewski). Nast\u0119pnie wprowadzi\u0142y turbozawirowanie przestrzenne i sprowadzi\u0142y jego literackie dzieci \u2013 bohater\u00f3w epopei: Jacka Soplic\u0119 \u2013 (Martyna Soko\u0142owska), S\u0119dziego (Zofia Koper), Zosi\u0119 (Maja Michalak), Tadeusza (Wiktor Zem\u0142a), Telimen\u0119 &nbsp;(Natalia Cielicka), Hrabiego (Mateusz Turkowski), Jankiela (Nikodem J\u00f3\u017awiak) i Gerwazego (Amelia Jasi\u0144ska). Wszyscy ci go\u015bcie wyszli na scen\u0119, by opowiedzie\u0107 o euforii wywo\u0142anej wprowadzeniem reform. A je\u015bli ju\u017c o tym, nie mog\u0142o si\u0119 oby\u0107 bez fantastycznego koncertu Jankiela!<\/span><\/p>\n<p><span style=\"color: #000000;\">Na tym jednak nie koniec! Bohaterowie z Soplicowa nie pozwolili si\u0119 widzom nudzi\u0107 i za spraw\u0105 niezwyk\u0142ego pilota przemienili si\u0119 w pos\u0142\u00f3w Sejmu Czteroletniego, przywo\u0142ali na scen\u0119 kr\u00f3la Stanis\u0142awa Augusta Poniatowskiego i marsza\u0142ka Stanis\u0142awa Ma\u0142achowskiego, by pokaza\u0107 uroczyste zaprzysi\u0119\u017cenie konstytucji. Finalnie przy akompaniamencie ch\u00f3ru Tutu zata\u0144czyli poloneza i sk\u0142onili si\u0119 widowni przy gromkich brawach.<\/span><\/p>\n<p><span style=\"color: #000000;\">Aktorom nie tylko uda\u0142o si\u0119 zagra\u0107 brawurowo i przenie\u015b\u0107 widz\u00f3w &nbsp;w czasy minionej epoki, ale r\u00f3wnie\u017c stworzy\u0107 niezapomnian\u0105 atmosfer\u0119 donios\u0142ych wydarze\u0144, jednym s\u0142owem przywo\u0142a\u0107 ducha przesz\u0142o\u015bci! A to wymaga talentu, ogromnej pracy i zaci\u0119to\u015bci! A to ju\u017c razem niebywa\u0142\u0105 sztuk\u0105 jest! Czy\u017c nie? Kto widzia\u0142, nie zaprzeczy!<\/span><\/p>\n<p><span style=\"color: #000000;\">Ponadto za przepi\u0119kne dekoracje odpowiadali p. Monika Krzemi\u0144ska i p. Bogdan Kowalewski; za nag\u0142o\u015bnienie i przygotowanie ch\u00f3ru Tutu \u2013 \u0141ukasz Grocki; &nbsp;fantastyczne zdj\u0119cia wykona\u0142a Marta Szumska.<\/span><\/p>\n<p><span style=\"color: #000000;\"><em>Scenariusz, re\u017cyseria, koordynator akademii p. Joanna Winiarska: <\/em>\u201cDobry wychowawca, kt\u00f3ry nie wt\u0142acza a wyzwala, nie ci\u0105gnie a wznosi, nie ugniata a kszta\u0142tuje, nie dyktuje a uczy, nie \u017c\u0105da a zapytuje \u2013 prze\u017cyje wraz z dzie\u0107mi wiele natchnionych chwil.\u201d &#8211; Dzi\u0119kuj\u0119 Wam, kochani uczniowie z 8g, 8h, 8j, 8f za serce w\u0142o\u017cone w t\u0119 akademi\u0119.<\/span><\/p>\n<p>ngg_shortcode_0_placeholder<em>&nbsp;<\/em><\/p>\n<p><em>&nbsp;<\/em><\/p>\n","protected":false},"excerpt":{"rendered":"<p>&#46;&#46;&#46;<\/p>\n","protected":false},"author":4,"featured_media":3127,"comment_status":"open","ping_status":"open","sticky":false,"template":"","format":"standard","meta":{"ngg_post_thumbnail":0,"footnotes":""},"categories":[1],"tags":[],"class_list":["post-3126","post","type-post","status-publish","format-standard","has-post-thumbnail","hentry","category-wiadomosci"],"_links":{"self":[{"href":"https:\/\/sp22.pl\/nowa\/index.php\/wp-json\/wp\/v2\/posts\/3126","targetHints":{"allow":["GET"]}}],"collection":[{"href":"https:\/\/sp22.pl\/nowa\/index.php\/wp-json\/wp\/v2\/posts"}],"about":[{"href":"https:\/\/sp22.pl\/nowa\/index.php\/wp-json\/wp\/v2\/types\/post"}],"author":[{"embeddable":true,"href":"https:\/\/sp22.pl\/nowa\/index.php\/wp-json\/wp\/v2\/users\/4"}],"replies":[{"embeddable":true,"href":"https:\/\/sp22.pl\/nowa\/index.php\/wp-json\/wp\/v2\/comments?post=3126"}],"version-history":[{"count":1,"href":"https:\/\/sp22.pl\/nowa\/index.php\/wp-json\/wp\/v2\/posts\/3126\/revisions"}],"predecessor-version":[{"id":3128,"href":"https:\/\/sp22.pl\/nowa\/index.php\/wp-json\/wp\/v2\/posts\/3126\/revisions\/3128"}],"wp:featuredmedia":[{"embeddable":true,"href":"https:\/\/sp22.pl\/nowa\/index.php\/wp-json\/wp\/v2\/media\/3127"}],"wp:attachment":[{"href":"https:\/\/sp22.pl\/nowa\/index.php\/wp-json\/wp\/v2\/media?parent=3126"}],"wp:term":[{"taxonomy":"category","embeddable":true,"href":"https:\/\/sp22.pl\/nowa\/index.php\/wp-json\/wp\/v2\/categories?post=3126"},{"taxonomy":"post_tag","embeddable":true,"href":"https:\/\/sp22.pl\/nowa\/index.php\/wp-json\/wp\/v2\/tags?post=3126"}],"curies":[{"name":"wp","href":"https:\/\/api.w.org\/{rel}","templated":true}]}}