{"id":2910,"date":"2023-04-13T06:55:57","date_gmt":"2023-04-13T04:55:57","guid":{"rendered":"http:\/\/sp22.pl\/nowa\/?p=2910"},"modified":"2023-04-13T07:03:05","modified_gmt":"2023-04-13T05:03:05","slug":"xxi-powiatowy-konkurs-literacki-pisze-ksiazke","status":"publish","type":"post","link":"https:\/\/sp22.pl\/nowa\/index.php\/2023\/04\/13\/xxi-powiatowy-konkurs-literacki-pisze-ksiazke\/","title":{"rendered":"XXI Powiatowy Konkurs Literacki &#8222;Pisz\u0119 ksi\u0105\u017ck\u0119&#8221;"},"content":{"rendered":"<p><span style=\"color: #000000;\">W \u015brod\u0119, 5 kwietnia 2023 roku, w bibliotece naszej szko\u0142y odby\u0142o si\u0119 uroczyste rozstrzygni\u0119cie XXI Powiatowego Konkursu Literackiego \u201ePisz\u0119 ksi\u0105\u017ck\u0119\u201d. Nagrody i dyplomy najlepszym m\u0142odym tw\u00f3rcom wr\u0119czyli: dyrektor szko\u0142y p. Janusz Banasiak, dyrektor Ksi\u0105\u017cnicy P\u0142ockiej p. Joanna Banasiak oraz przewodnicz\u0105ca jury, kierownik dzia\u0142u o\u015bwiatowo-edukacyjnego Ksi\u0105\u017cnicy P\u0142ockiej p. Renata Kraszewska.<\/span><\/p>\n<p><span style=\"color: #000000;\">Nagrody i wyr\u00f3\u017cnienia otrzymali:<\/span><\/p>\n<p><span style=\"color: #000000;\"><strong>I kategoria &#8211; uczniowie klas III-IV<\/strong><\/span><\/p>\n<p><span style=\"color: #000000;\">I nagroda<\/span><\/p>\n<p><span style=\"color: #000000;\">Maja Anna Dobies <em>\u201eDetektyw Miet i Tajemnica Starej Fortecy\u201d<\/em> \u2013 uczennica kl. IV Zesp\u00f3\u0142 Szkolno-<\/span><\/p>\n<p><span style=\"color: #000000;\">Przedszkolny Brudze\u0144 Du\u017cy<\/span><\/p>\n<p><span style=\"color: #000000;\">II nagroda<\/span><\/p>\n<p><span style=\"color: #000000;\">Anastazja Olbromska <em>\u201eMimi\u015b\u201d<\/em> \u2013 uczennica kl. III Og\u00f3lnokszta\u0142c\u0105ca Szko\u0142a Muzyczna P\u0142ock<\/span><\/p>\n<p><span style=\"color: #000000;\">III nagroda<\/span><\/p>\n<p><span style=\"color: #000000;\">Artur Krycza\u0142\u0142o <em>\u201ePedro i przyjaciele\u201d<\/em> \u2013 ucze\u0144 kl. IV SP 22 P\u0142ock<\/span><\/p>\n<p><span style=\"color: #000000;\">Wyr\u00f3\u017cnienia<\/span><\/p>\n<p><span style=\"color: #000000;\">Stanis\u0142aw Gomu\u0142ka <em>\u201eDetektyw Jan Nowak\u201d <\/em>\u2013 ucze\u0144 kl. IV Og\u00f3lnokszta\u0142c\u0105ca Szko\u0142a Muzyczna P\u0142ock<\/span><\/p>\n<p><span style=\"color: #000000;\">Zofia Zieli\u0144ska <em>\u201eKamelowie i skarb g\u00f3rskich elf\u00f3w\u201d<\/em> \u2013 uczennica kl. III SP 22 P\u0142ock<\/span><\/p>\n<p><span style=\"color: #000000;\"><strong>II kategoria &#8211; uczniowie klas V-VI<\/strong><\/span><\/p>\n<p><span style=\"color: #000000;\">I nagroda<\/span><\/p>\n<p><span style=\"color: #000000;\">Maria Zasimowicz <em>\u201eSekretne sny kota\u201d<\/em> \u2013 uczennica kl. V Og\u00f3lnokszta\u0142c\u0105ca Szko\u0142a Muzyczna P\u0142ock<\/span><\/p>\n<p><span style=\"color: #000000;\">II nagroda<\/span><\/p>\n<p><span style=\"color: #000000;\">Anna R\u00f3\u017ca\u0144ska <em>\u201eGorzki cukier\u201d <\/em>\u2013 uczennica kl. V SP Liszyno<\/span><\/p>\n<p><span style=\"color: #000000;\">III nagroda ex aequo<\/span><\/p>\n<p><span style=\"color: #000000;\">Adrianna Lichota <em>\u201eForest i tajemnica lasu\u201d<\/em> \u2013 uczennica kl. VI SP Stara Bia\u0142a<\/span><\/p>\n<p><span style=\"color: #000000;\">Alicja Sieradzka <em>\u201eG\u0142\u0119bia\u201d<\/em> \u2013 uczennica kl. VI SP 21 P\u0142ock<\/span><\/p>\n<p><span style=\"color: #000000;\">Wyr\u00f3\u017cnienie<\/span><\/p>\n<p><span style=\"color: #000000;\">Przemys\u0142aw Michalski <em>\u201eKrzy\u017cowiec\u201d<\/em> \u2013 ucze\u0144 kl. V SP Bielsk<\/span><\/p>\n<p><span style=\"color: #000000;\"><strong>III kategoria &#8211; uczniowie VII-VIII<\/strong><\/span><\/p>\n<p><span style=\"color: #000000;\">I nagroda<\/span><\/p>\n<p><span style=\"color: #000000;\">Marta Prejsewicz <em>\u201eMia\u201d<\/em> \u2013 uczennica kl. VIII SP 5 P\u0142ock<\/span><\/p>\n<p><span style=\"color: #000000;\">II nagroda<\/span><\/p>\n<p><span style=\"color: #000000;\">Julia Kaniewska <em>\u201eZamkni\u0119ta w swojej skorupie\u201d<\/em> \u2013 uczennica kl. VIII SP 21 P\u0142ock<\/span><\/p>\n<p><span style=\"color: #000000;\">III nagroda ex aequo<\/span><\/p>\n<p><span style=\"color: #000000;\">Bart\u0142omiej Stawiarski <em>\u201eNasz wsp\u00f3lny dy\u017cur\u201d<\/em> \u2013 ucze\u0144 kl. VIII SP Ma\u0142a Wie\u015b<\/span><\/p>\n<p><span style=\"color: #000000;\">Szymon Or\u0142owski<em> \u201eSmocze wrota cz. II\u201d<\/em> \u2013 ucze\u0144 kl. VIII SP 5 P\u0142ock<\/span><\/p>\n<p><span style=\"color: #000000;\">Wyr\u00f3\u017cnienie<\/span><\/p>\n<p><span style=\"color: #000000;\">Patrycja Czerwi\u0144ska<em> \u201eDrugi \u015bwiat\u201d <\/em>\u2013 uczennica kl. VIII SP 22 P\u0142ock<\/span><\/p>\n<p><span style=\"color: #000000;\"><strong>Nagrody ufundowane przez Ksi\u0105\u017cnic\u0119 P\u0142ock\u0105 &#8211; honorowego patrona konkursu <\/strong>otrzymali Maja Anna Dobies \u2013 uczennica kl. IV Zespo\u0142u Szkolno-Przedszkolnego w Brudzeniu Du\u017cym oraz Anna R\u00f3\u017ca\u0144ska \u2013 uczennica kl. V Szko\u0142y Podstawowej w Liszynie.<\/span><\/p>\n<p><span style=\"color: #000000;\"><strong>Nagrod\u0119 Stowarzyszenia TRAKT &#8211; partnera konkursu <\/strong>otrzyma\u0142a Adrianna Lichota \u2013 uczennica kl. VI Szko\u0142y Podstawowej w Starej Bia\u0142ej.<\/span><\/p>\n<p><span style=\"color: #000000;\">Gratulujemy laureatom konkursu!<\/span><\/p>\nngg_shortcode_0_placeholder\n","protected":false},"excerpt":{"rendered":"<p>&#46;&#46;&#46;<\/p>\n","protected":false},"author":4,"featured_media":2911,"comment_status":"open","ping_status":"open","sticky":false,"template":"","format":"standard","meta":{"ngg_post_thumbnail":0,"footnotes":""},"categories":[1],"tags":[],"class_list":["post-2910","post","type-post","status-publish","format-standard","has-post-thumbnail","hentry","category-wiadomosci"],"_links":{"self":[{"href":"https:\/\/sp22.pl\/nowa\/index.php\/wp-json\/wp\/v2\/posts\/2910","targetHints":{"allow":["GET"]}}],"collection":[{"href":"https:\/\/sp22.pl\/nowa\/index.php\/wp-json\/wp\/v2\/posts"}],"about":[{"href":"https:\/\/sp22.pl\/nowa\/index.php\/wp-json\/wp\/v2\/types\/post"}],"author":[{"embeddable":true,"href":"https:\/\/sp22.pl\/nowa\/index.php\/wp-json\/wp\/v2\/users\/4"}],"replies":[{"embeddable":true,"href":"https:\/\/sp22.pl\/nowa\/index.php\/wp-json\/wp\/v2\/comments?post=2910"}],"version-history":[{"count":3,"href":"https:\/\/sp22.pl\/nowa\/index.php\/wp-json\/wp\/v2\/posts\/2910\/revisions"}],"predecessor-version":[{"id":2914,"href":"https:\/\/sp22.pl\/nowa\/index.php\/wp-json\/wp\/v2\/posts\/2910\/revisions\/2914"}],"wp:featuredmedia":[{"embeddable":true,"href":"https:\/\/sp22.pl\/nowa\/index.php\/wp-json\/wp\/v2\/media\/2911"}],"wp:attachment":[{"href":"https:\/\/sp22.pl\/nowa\/index.php\/wp-json\/wp\/v2\/media?parent=2910"}],"wp:term":[{"taxonomy":"category","embeddable":true,"href":"https:\/\/sp22.pl\/nowa\/index.php\/wp-json\/wp\/v2\/categories?post=2910"},{"taxonomy":"post_tag","embeddable":true,"href":"https:\/\/sp22.pl\/nowa\/index.php\/wp-json\/wp\/v2\/tags?post=2910"}],"curies":[{"name":"wp","href":"https:\/\/api.w.org\/{rel}","templated":true}]}}