{"id":2879,"date":"2023-04-13T06:11:05","date_gmt":"2023-04-13T04:11:05","guid":{"rendered":"http:\/\/sp22.pl\/nowa\/?p=2879"},"modified":"2023-05-07T14:30:50","modified_gmt":"2023-05-07T12:30:50","slug":"sukces-w-ogolnopolskim-konkursie","status":"publish","type":"post","link":"https:\/\/sp22.pl\/nowa\/index.php\/2023\/04\/13\/sukces-w-ogolnopolskim-konkursie\/","title":{"rendered":"Sukces w Og\u00f3lnopolskim Konkursie"},"content":{"rendered":"<p><span style=\"color: #000000;\">Uczniowie naszej szko\u0142y mog\u0105 pochwali\u0107 si\u0119 kolejnymi sukcesami. Antonina Si\u00f3\u0142kowska z klasy 7c zdoby\u0142a 2. miejsce, a Dominik Michalak z klasy 4c wyr\u00f3\u017cnienie w Og\u00f3lnopolskim Konkursie Edukacyjno-Ekologicznym EduPak Polska. Celem konkursu by\u0142o zwi\u0119kszenie \u015bwiadomo\u015bci i wykazanie zwi\u0105zku mi\u0119dzy codziennymi wyborami, a zmieniaj\u0105cym si\u0119 \u015bwiatem. Warto podkre\u015bli\u0107, \u017ce do rywalizacji zg\u0142osi\u0142y si\u0119 a\u017c 184 plac\u00f3wki z 260 pracami konkursowymi.<\/span><\/p>\n<p><span style=\"color: #000000;\">Koordynatorami projektu w naszej szkole by\u0142y Beata Michalak i Renata Piliczewska.<\/span><\/p>\n<p><span style=\"color: #000000;\">Wr\u0119czenie nagr\u00f3d i prezentacja konkursowych film\u00f3w mia\u0142a miejsce 10 marca 2023 r. na Targach Edukacyjnych w Poznaniu.<\/span><\/p>\n<p>ngg_shortcode_0_placeholder<div style=\"width: 540px;\" class=\"wp-video\"><video class=\"wp-video-shortcode\" id=\"video-2879-1\" width=\"540\" height=\"360\" preload=\"metadata\" controls=\"controls\"><source type=\"video\/mp4\" src=\"https:\/\/sp22.pl\/nowa\/wp-content\/uploads\/2023\/03\/Dominik-Michalak-4c-Szklo.mp4?_=1\" \/><a href=\"https:\/\/sp22.pl\/nowa\/wp-content\/uploads\/2023\/03\/Dominik-Michalak-4c-Szklo.mp4\">https:\/\/sp22.pl\/nowa\/wp-content\/uploads\/2023\/03\/Dominik-Michalak-4c-Szklo.mp4<\/a><\/video><\/div><\/p>\n<p>&nbsp;&nbsp;<\/p>\n<div style=\"width: 540px;\" class=\"wp-video\"><video class=\"wp-video-shortcode\" id=\"video-2879-2\" width=\"540\" height=\"360\" preload=\"metadata\" controls=\"controls\"><source type=\"video\/mp4\" src=\"https:\/\/sp22.pl\/nowa\/wp-content\/uploads\/2023\/03\/Antonina-Siolkowska-7c-Eko-Ratownicy.mp4?_=2\" \/><a href=\"https:\/\/sp22.pl\/nowa\/wp-content\/uploads\/2023\/03\/Antonina-Siolkowska-7c-Eko-Ratownicy.mp4\">https:\/\/sp22.pl\/nowa\/wp-content\/uploads\/2023\/03\/Antonina-Siolkowska-7c-Eko-Ratownicy.mp4<\/a><\/video><\/div>\n","protected":false},"excerpt":{"rendered":"<p>&#46;&#46;&#46;<\/p>\n","protected":false},"author":4,"featured_media":2882,"comment_status":"open","ping_status":"open","sticky":false,"template":"","format":"standard","meta":{"ngg_post_thumbnail":0,"footnotes":""},"categories":[1],"tags":[],"class_list":["post-2879","post","type-post","status-publish","format-standard","has-post-thumbnail","hentry","category-wiadomosci"],"_links":{"self":[{"href":"https:\/\/sp22.pl\/nowa\/index.php\/wp-json\/wp\/v2\/posts\/2879","targetHints":{"allow":["GET"]}}],"collection":[{"href":"https:\/\/sp22.pl\/nowa\/index.php\/wp-json\/wp\/v2\/posts"}],"about":[{"href":"https:\/\/sp22.pl\/nowa\/index.php\/wp-json\/wp\/v2\/types\/post"}],"author":[{"embeddable":true,"href":"https:\/\/sp22.pl\/nowa\/index.php\/wp-json\/wp\/v2\/users\/4"}],"replies":[{"embeddable":true,"href":"https:\/\/sp22.pl\/nowa\/index.php\/wp-json\/wp\/v2\/comments?post=2879"}],"version-history":[{"count":6,"href":"https:\/\/sp22.pl\/nowa\/index.php\/wp-json\/wp\/v2\/posts\/2879\/revisions"}],"predecessor-version":[{"id":2934,"href":"https:\/\/sp22.pl\/nowa\/index.php\/wp-json\/wp\/v2\/posts\/2879\/revisions\/2934"}],"wp:featuredmedia":[{"embeddable":true,"href":"https:\/\/sp22.pl\/nowa\/index.php\/wp-json\/wp\/v2\/media\/2882"}],"wp:attachment":[{"href":"https:\/\/sp22.pl\/nowa\/index.php\/wp-json\/wp\/v2\/media?parent=2879"}],"wp:term":[{"taxonomy":"category","embeddable":true,"href":"https:\/\/sp22.pl\/nowa\/index.php\/wp-json\/wp\/v2\/categories?post=2879"},{"taxonomy":"post_tag","embeddable":true,"href":"https:\/\/sp22.pl\/nowa\/index.php\/wp-json\/wp\/v2\/tags?post=2879"}],"curies":[{"name":"wp","href":"https:\/\/api.w.org\/{rel}","templated":true}]}}