{"id":2588,"date":"2023-02-05T21:22:28","date_gmt":"2023-02-05T20:22:28","guid":{"rendered":"http:\/\/sp22.pl\/nowa\/?p=2588"},"modified":"2023-03-01T04:30:41","modified_gmt":"2023-03-01T03:30:41","slug":"cos-1-3","status":"publish","type":"post","link":"https:\/\/sp22.pl\/nowa\/index.php\/2023\/02\/05\/cos-1-3\/","title":{"rendered":"Koncert Charytatywny"},"content":{"rendered":"<p><img loading=\"lazy\" decoding=\"async\" class=\"alignnone wp-image-2647 size-medium\" src=\"https:\/\/sp22.pl\/nowa\/wp-content\/uploads\/2023\/02\/koncert_koled_1_2022_23-300x176.jpg\" alt=\"Ch\u00f3rzy\u015bci na scenie \u015bpiewaj\u0105 kol\u0119d\u0119, stoj\u0105cy przed nimi nauczyciel muzyki dyryguje ch\u00f3rem.\" width=\"300\" height=\"176\" srcset=\"https:\/\/sp22.pl\/nowa\/wp-content\/uploads\/2023\/02\/koncert_koled_1_2022_23-300x176.jpg 300w, https:\/\/sp22.pl\/nowa\/wp-content\/uploads\/2023\/02\/koncert_koled_1_2022_23-1024x601.jpg 1024w, https:\/\/sp22.pl\/nowa\/wp-content\/uploads\/2023\/02\/koncert_koled_1_2022_23-768x451.jpg 768w, https:\/\/sp22.pl\/nowa\/wp-content\/uploads\/2023\/02\/koncert_koled_1_2022_23-1536x902.jpg 1536w, https:\/\/sp22.pl\/nowa\/wp-content\/uploads\/2023\/02\/koncert_koled_1_2022_23.jpg 2000w\" sizes=\"auto, (max-width: 300px) 100vw, 300px\" \/><\/p>\n<p><span style=\"color: #000000;\">\u201eBo tak wiele mam, ile sam innym dam\u2026\u201d&nbsp;&nbsp;&nbsp;&nbsp; Janusz Korczak<\/span><\/p>\n<p><span style=\"color: #000000;\">Charytatywny koncert kol\u0119d szkolnego ch\u00f3ru TuTu zosta\u0142 zorganizowany we wsp\u00f3\u0142pracy ze szkolnym klubem wolontariatu Uskrzydleni w ramach wdzi\u0119czno\u015bci dla spo\u0142eczno\u015bci szkolnej za zaanga\u017cowanie w przed\u015bwi\u0105teczne akcje charytatywne. &nbsp;<\/span><\/p>\n<p><span style=\"color: #000000;\">Szkolny ch\u00f3r pod batut\u0105 Pana \u0141ukasza Grockiego zaprezentowa\u0142 szeroki wachlarz kol\u0119d, pastora\u0142ek, a tak\u017ce \u015bwi\u0105tecznych piosenek. Koncert u\u015bwietni\u0142a swym wyst\u0119pem absolwentka naszej szko\u0142y Patrycja Marcinkowska.<\/span><\/p>\n<p><span style=\"color: #000000;\">W tym roku za przewodnictwem szkolnego wolontariatu wsparli\u015bmy \u015bwietlic\u0119 oddzia\u0142u pediatrycznego Szpitala Miejskiego \u015awi\u0119tej Tr\u00f3jcy w P\u0142ocku, podopiecznych domowych hospicjum dzieci\u0119cych z powiatu p\u0142ockiego, Polak\u00f3w mieszkaj\u0105cych na Kresach Wschodnich oraz fundacj\u0119 OTOZ zajmuj\u0105c\u0105 si\u0119 bezdomnymi i skrzywdzonymi zwierz\u0119tami w naszym mie\u015bcie. Podczas koncertu odby\u0142 si\u0119 \u015bwi\u0105teczny kiermasz charytatywny przygotowany przez uczni\u00f3w, rodzic\u00f3w i nauczycieli na rzecz chorych na miopati\u0119 uczni\u00f3w naszej szko\u0142y. Za wszelk\u0105 pomoc i zaanga\u017cowanie serdecznie dzi\u0119kujemy!<\/span><\/p>\nngg_shortcode_0_placeholder\n","protected":false},"excerpt":{"rendered":"<p>&#46;&#46;&#46;<\/p>\n","protected":false},"author":4,"featured_media":2649,"comment_status":"open","ping_status":"open","sticky":false,"template":"","format":"standard","meta":{"ngg_post_thumbnail":0,"footnotes":""},"categories":[1],"tags":[],"class_list":["post-2588","post","type-post","status-publish","format-standard","has-post-thumbnail","hentry","category-wiadomosci"],"_links":{"self":[{"href":"https:\/\/sp22.pl\/nowa\/index.php\/wp-json\/wp\/v2\/posts\/2588","targetHints":{"allow":["GET"]}}],"collection":[{"href":"https:\/\/sp22.pl\/nowa\/index.php\/wp-json\/wp\/v2\/posts"}],"about":[{"href":"https:\/\/sp22.pl\/nowa\/index.php\/wp-json\/wp\/v2\/types\/post"}],"author":[{"embeddable":true,"href":"https:\/\/sp22.pl\/nowa\/index.php\/wp-json\/wp\/v2\/users\/4"}],"replies":[{"embeddable":true,"href":"https:\/\/sp22.pl\/nowa\/index.php\/wp-json\/wp\/v2\/comments?post=2588"}],"version-history":[{"count":4,"href":"https:\/\/sp22.pl\/nowa\/index.php\/wp-json\/wp\/v2\/posts\/2588\/revisions"}],"predecessor-version":[{"id":2648,"href":"https:\/\/sp22.pl\/nowa\/index.php\/wp-json\/wp\/v2\/posts\/2588\/revisions\/2648"}],"wp:featuredmedia":[{"embeddable":true,"href":"https:\/\/sp22.pl\/nowa\/index.php\/wp-json\/wp\/v2\/media\/2649"}],"wp:attachment":[{"href":"https:\/\/sp22.pl\/nowa\/index.php\/wp-json\/wp\/v2\/media?parent=2588"}],"wp:term":[{"taxonomy":"category","embeddable":true,"href":"https:\/\/sp22.pl\/nowa\/index.php\/wp-json\/wp\/v2\/categories?post=2588"},{"taxonomy":"post_tag","embeddable":true,"href":"https:\/\/sp22.pl\/nowa\/index.php\/wp-json\/wp\/v2\/tags?post=2588"}],"curies":[{"name":"wp","href":"https:\/\/api.w.org\/{rel}","templated":true}]}}