{"id":2526,"date":"2023-01-30T05:13:49","date_gmt":"2023-01-30T04:13:49","guid":{"rendered":"http:\/\/sp22.pl\/nowa\/?p=2526"},"modified":"2023-02-05T22:34:32","modified_gmt":"2023-02-05T21:34:32","slug":"prywatne-cos-2","status":"publish","type":"post","link":"https:\/\/sp22.pl\/nowa\/index.php\/2023\/01\/30\/prywatne-cos-2\/","title":{"rendered":"Dzie\u0144 Patrona Szko\u0142y"},"content":{"rendered":"<p><img loading=\"lazy\" decoding=\"async\" class=\"alignnone wp-image-2626 size-medium\" src=\"https:\/\/sp22.pl\/nowa\/wp-content\/uploads\/2023\/01\/dzien_patrona_1_2022_23-200x300.jpg\" alt=\"Dziewczynka z przesz\u0142o\u015bci wypowiada swoj\u0105 role \u015bciskaj\u0105c w d\u0142oniach ksi\u0105\u017ck\u0119.\" width=\"200\" height=\"300\" srcset=\"https:\/\/sp22.pl\/nowa\/wp-content\/uploads\/2023\/01\/dzien_patrona_1_2022_23-200x300.jpg 200w, https:\/\/sp22.pl\/nowa\/wp-content\/uploads\/2023\/01\/dzien_patrona_1_2022_23-682x1024.jpg 682w, https:\/\/sp22.pl\/nowa\/wp-content\/uploads\/2023\/01\/dzien_patrona_1_2022_23-768x1152.jpg 768w, https:\/\/sp22.pl\/nowa\/wp-content\/uploads\/2023\/01\/dzien_patrona_1_2022_23-1024x1536.jpg 1024w, https:\/\/sp22.pl\/nowa\/wp-content\/uploads\/2023\/01\/dzien_patrona_1_2022_23.jpg 1333w\" sizes=\"auto, (max-width: 200px) 100vw, 200px\" \/><\/p>\n<p><span style=\"font-family: Arial, sans-serif; color: #000000;\"><span style=\"font-size: large;\"><span lang=\"pl-PL\">&#8222;Kiedy \u015bmieje si\u0119 dziecko, \u015bmieje si\u0119 ca\u0142y \u015bwiat&#8221;<\/span><\/span><\/span><\/p>\n<p><span style=\"font-family: Arial, sans-serif; color: #000000;\"><span style=\"font-size: large;\"><span lang=\"pl-PL\">Janusz Korczak<\/span><\/span><\/span><\/p>\n<p>&nbsp;<\/p>\n<p style=\"text-align: left;\"><span style=\"font-family: Arial, sans-serif; color: #000000;\"><span style=\"font-size: large;\">Pierwszoklasi\u015bci wraz z wychowawcami obchodzili Dzie\u0144 Patrona Szko\u0142y. Najm\u0142odsi uczniowie poznali posta\u0107 Janusza Korczaka przenosz\u0105c si\u0119 w czasie podczas przedstawienia: \u201cJanusz Korczak &#8211; patron dzieci\u0119cych marze\u0144\u201d. Nast\u0119pnie brali udzia\u0142 w balu na dworze Kr\u00f3la Maciusia oraz dekorowali pierniki z nadwornym kucharzem. Zwie\u0144czeniem imprezy by\u0142o pasowanie na ucznia Kr\u00f3la Maciusia. By\u0142 to dzie\u0144 pe\u0142en wra\u017ce\u0144, zabawy, ale r\u00f3wnie\u017c ponadczasowych warto\u015bci w duchu idei Janusza Korczaka, kt\u00f3re jak wierzymy, pozostan\u0105 z nami na zawsze.<\/span><\/span><\/p>\nngg_shortcode_0_placeholder\n","protected":false},"excerpt":{"rendered":"<p>&#46;&#46;&#46;<\/p>\n","protected":false},"author":4,"featured_media":2630,"comment_status":"open","ping_status":"open","sticky":false,"template":"","format":"standard","meta":{"ngg_post_thumbnail":0,"footnotes":""},"categories":[1],"tags":[],"class_list":["post-2526","post","type-post","status-publish","format-standard","has-post-thumbnail","hentry","category-wiadomosci"],"_links":{"self":[{"href":"https:\/\/sp22.pl\/nowa\/index.php\/wp-json\/wp\/v2\/posts\/2526","targetHints":{"allow":["GET"]}}],"collection":[{"href":"https:\/\/sp22.pl\/nowa\/index.php\/wp-json\/wp\/v2\/posts"}],"about":[{"href":"https:\/\/sp22.pl\/nowa\/index.php\/wp-json\/wp\/v2\/types\/post"}],"author":[{"embeddable":true,"href":"https:\/\/sp22.pl\/nowa\/index.php\/wp-json\/wp\/v2\/users\/4"}],"replies":[{"embeddable":true,"href":"https:\/\/sp22.pl\/nowa\/index.php\/wp-json\/wp\/v2\/comments?post=2526"}],"version-history":[{"count":6,"href":"https:\/\/sp22.pl\/nowa\/index.php\/wp-json\/wp\/v2\/posts\/2526\/revisions"}],"predecessor-version":[{"id":2629,"href":"https:\/\/sp22.pl\/nowa\/index.php\/wp-json\/wp\/v2\/posts\/2526\/revisions\/2629"}],"wp:featuredmedia":[{"embeddable":true,"href":"https:\/\/sp22.pl\/nowa\/index.php\/wp-json\/wp\/v2\/media\/2630"}],"wp:attachment":[{"href":"https:\/\/sp22.pl\/nowa\/index.php\/wp-json\/wp\/v2\/media?parent=2526"}],"wp:term":[{"taxonomy":"category","embeddable":true,"href":"https:\/\/sp22.pl\/nowa\/index.php\/wp-json\/wp\/v2\/categories?post=2526"},{"taxonomy":"post_tag","embeddable":true,"href":"https:\/\/sp22.pl\/nowa\/index.php\/wp-json\/wp\/v2\/tags?post=2526"}],"curies":[{"name":"wp","href":"https:\/\/api.w.org\/{rel}","templated":true}]}}