{"id":2520,"date":"2023-01-30T05:07:31","date_gmt":"2023-01-30T04:07:31","guid":{"rendered":"http:\/\/sp22.pl\/nowa\/?p=2520"},"modified":"2023-10-17T18:43:52","modified_gmt":"2023-10-17T16:43:52","slug":"dzien-otwarty-szkoly-2","status":"publish","type":"post","link":"https:\/\/sp22.pl\/nowa\/index.php\/2023\/01\/30\/dzien-otwarty-szkoly-2\/","title":{"rendered":"Dzie\u0144 Otwarty Szko\u0142y"},"content":{"rendered":"<p><span style=\"color: #000000;\">14 stycznia 2023 roku odby\u0142 si\u0119 w naszej Szkole Dzie\u0144 Otwarty. Go\u015bcili\u015bmy przysz\u0142ych Pierwszoklasist\u00f3w oraz Ich Rodzic\u00f3w.<\/span><\/p>\n<p><span style=\"color: #000000;\">Spotkanie rozpocz\u0105\u0142 Pan Dyrektor, Janusz Banasiak, kt\u00f3ry przedstawi\u0142 zasady funkcjonowania Plac\u00f3wki. Po tym wyst\u0105pieniu Go\u015bcie mogli obejrze\u0107 przedstawienie \u201eZimo, baw si\u0119 z nami!\u201d oraz pokaz szkolnego zespo\u0142u tanecznego.<\/span><\/p>\n<p><span style=\"color: #000000;\">Mali Go\u015bcie oraz Ich Rodzice mogli zwiedza\u0107 \u015bwietlic\u0119, bibliotek\u0119, sale lekcyjne, terapeutyczne\u2026, ogl\u0105da\u0107 prowadzone w nich zaj\u0119cia, <\/span><span style=\"color: #000000;\">a nawet w nich uczestniczy\u0107. Dla przysz\u0142ych Pierwszoklasist\u00f3w przygotowali\u015bmy wiele atrakcji. W czasie ich realizacji mogli zaprezentowa\u0107 swoje r\u00f3\u017cnorodne umiej\u0119tno\u015bci i rozliczne talenty.<\/span><\/p>\n<p><span style=\"color: #000000;\">Zwiedzanie obiektu umila\u0142y wyst\u0119py szkolnego ch\u00f3ru \u201eTu-Tu\u201d. Dla Rodzic\u00f3w sobotnie spotkanie by\u0142o okazj\u0105&nbsp; do pierwszych rozm\u00f3w z nauczycielami oraz Dyrekcj\u0105 Szko\u0142y, w czasie kt\u00f3rych mogli uzyska\u0107 odpowiedzi na nurtuj\u0105ce Ich pytania.<\/span><\/p>\n<p><span style=\"color: #000000;\">Mamy nadziej\u0119, \u017ce pobyt w naszej Plac\u00f3wce by\u0142 dla Go\u015bci pozytywnym doznaniem i we wrze\u015bniu zobaczymy si\u0119 ponownie.<\/span><\/p>\nngg_shortcode_0_placeholder\n","protected":false},"excerpt":{"rendered":"<p>&#46;&#46;&#46;<\/p>\n","protected":false},"author":4,"featured_media":2521,"comment_status":"open","ping_status":"open","sticky":false,"template":"","format":"standard","meta":{"ngg_post_thumbnail":0,"footnotes":""},"categories":[1],"tags":[],"class_list":["post-2520","post","type-post","status-publish","format-standard","has-post-thumbnail","hentry","category-wiadomosci"],"_links":{"self":[{"href":"https:\/\/sp22.pl\/nowa\/index.php\/wp-json\/wp\/v2\/posts\/2520","targetHints":{"allow":["GET"]}}],"collection":[{"href":"https:\/\/sp22.pl\/nowa\/index.php\/wp-json\/wp\/v2\/posts"}],"about":[{"href":"https:\/\/sp22.pl\/nowa\/index.php\/wp-json\/wp\/v2\/types\/post"}],"author":[{"embeddable":true,"href":"https:\/\/sp22.pl\/nowa\/index.php\/wp-json\/wp\/v2\/users\/4"}],"replies":[{"embeddable":true,"href":"https:\/\/sp22.pl\/nowa\/index.php\/wp-json\/wp\/v2\/comments?post=2520"}],"version-history":[{"count":10,"href":"https:\/\/sp22.pl\/nowa\/index.php\/wp-json\/wp\/v2\/posts\/2520\/revisions"}],"predecessor-version":[{"id":3763,"href":"https:\/\/sp22.pl\/nowa\/index.php\/wp-json\/wp\/v2\/posts\/2520\/revisions\/3763"}],"wp:featuredmedia":[{"embeddable":true,"href":"https:\/\/sp22.pl\/nowa\/index.php\/wp-json\/wp\/v2\/media\/2521"}],"wp:attachment":[{"href":"https:\/\/sp22.pl\/nowa\/index.php\/wp-json\/wp\/v2\/media?parent=2520"}],"wp:term":[{"taxonomy":"category","embeddable":true,"href":"https:\/\/sp22.pl\/nowa\/index.php\/wp-json\/wp\/v2\/categories?post=2520"},{"taxonomy":"post_tag","embeddable":true,"href":"https:\/\/sp22.pl\/nowa\/index.php\/wp-json\/wp\/v2\/tags?post=2520"}],"curies":[{"name":"wp","href":"https:\/\/api.w.org\/{rel}","templated":true}]}}