{"id":2330,"date":"2023-01-04T05:35:01","date_gmt":"2023-01-04T04:35:01","guid":{"rendered":"http:\/\/sp22.pl\/nowa\/?p=2330"},"modified":"2023-10-17T18:46:07","modified_gmt":"2023-10-17T16:46:07","slug":"dzien-otwarty-szkoly","status":"publish","type":"post","link":"https:\/\/sp22.pl\/nowa\/index.php\/2023\/01\/04\/dzien-otwarty-szkoly\/","title":{"rendered":"Orszak Trzech Kr\u00f3li"},"content":{"rendered":"<p>&nbsp;&nbsp;&nbsp;Od 12 lat, 6 stycznia, organizowany jest Orszak Trzech Kr\u00f3li, kt\u00f3ry przemierza ulicami P\u0142ocka. W tym roku uczniowie naszej Szko\u0142y wraz ze swoimi rodzicami tak\u017ce wzi\u0119li udzia\u0142 w tym wydarzeniu. By\u0142a to doskona\u0142a okazja do integracji, do o\u017cywienia naszej wiary i wsp\u00f3lnego spotkania w rado\u015bci \u015bpiewanych kol\u0119d.<\/p>\n<p><img loading=\"lazy\" decoding=\"async\" class=\"alignnone wp-image-2502 size-large\" src=\"https:\/\/sp22.pl\/nowa\/wp-content\/uploads\/2023\/01\/Orszak_Trzech_Kroli-769x1024.jpg\" alt=\"M\u0142odsi uczniowie reprezentuj\u0105cy nasz\u0105 Szko\u0142\u0119 w czerwonych pelerynach.\" width=\"769\" height=\"1024\" srcset=\"https:\/\/sp22.pl\/nowa\/wp-content\/uploads\/2023\/01\/Orszak_Trzech_Kroli-769x1024.jpg 769w, https:\/\/sp22.pl\/nowa\/wp-content\/uploads\/2023\/01\/Orszak_Trzech_Kroli-225x300.jpg 225w, https:\/\/sp22.pl\/nowa\/wp-content\/uploads\/2023\/01\/Orszak_Trzech_Kroli-768x1023.jpg 768w, https:\/\/sp22.pl\/nowa\/wp-content\/uploads\/2023\/01\/Orszak_Trzech_Kroli-1153x1536.jpg 1153w, https:\/\/sp22.pl\/nowa\/wp-content\/uploads\/2023\/01\/Orszak_Trzech_Kroli.jpg 1501w\" sizes=\"auto, (max-width: 769px) 100vw, 769px\" \/><\/p>\n","protected":false},"excerpt":{"rendered":"<p>&#46;&#46;&#46;<\/p>\n","protected":false},"author":4,"featured_media":2502,"comment_status":"open","ping_status":"open","sticky":false,"template":"","format":"standard","meta":{"ngg_post_thumbnail":0,"footnotes":""},"categories":[1],"tags":[],"class_list":["post-2330","post","type-post","status-publish","format-standard","has-post-thumbnail","hentry","category-wiadomosci"],"_links":{"self":[{"href":"https:\/\/sp22.pl\/nowa\/index.php\/wp-json\/wp\/v2\/posts\/2330","targetHints":{"allow":["GET"]}}],"collection":[{"href":"https:\/\/sp22.pl\/nowa\/index.php\/wp-json\/wp\/v2\/posts"}],"about":[{"href":"https:\/\/sp22.pl\/nowa\/index.php\/wp-json\/wp\/v2\/types\/post"}],"author":[{"embeddable":true,"href":"https:\/\/sp22.pl\/nowa\/index.php\/wp-json\/wp\/v2\/users\/4"}],"replies":[{"embeddable":true,"href":"https:\/\/sp22.pl\/nowa\/index.php\/wp-json\/wp\/v2\/comments?post=2330"}],"version-history":[{"count":6,"href":"https:\/\/sp22.pl\/nowa\/index.php\/wp-json\/wp\/v2\/posts\/2330\/revisions"}],"predecessor-version":[{"id":3767,"href":"https:\/\/sp22.pl\/nowa\/index.php\/wp-json\/wp\/v2\/posts\/2330\/revisions\/3767"}],"wp:featuredmedia":[{"embeddable":true,"href":"https:\/\/sp22.pl\/nowa\/index.php\/wp-json\/wp\/v2\/media\/2502"}],"wp:attachment":[{"href":"https:\/\/sp22.pl\/nowa\/index.php\/wp-json\/wp\/v2\/media?parent=2330"}],"wp:term":[{"taxonomy":"category","embeddable":true,"href":"https:\/\/sp22.pl\/nowa\/index.php\/wp-json\/wp\/v2\/categories?post=2330"},{"taxonomy":"post_tag","embeddable":true,"href":"https:\/\/sp22.pl\/nowa\/index.php\/wp-json\/wp\/v2\/tags?post=2330"}],"curies":[{"name":"wp","href":"https:\/\/api.w.org\/{rel}","templated":true}]}}