{"id":2118,"date":"2022-12-08T02:07:03","date_gmt":"2022-12-08T01:07:03","guid":{"rendered":"http:\/\/sp22.pl\/nowa\/?p=2118"},"modified":"2023-10-17T18:55:09","modified_gmt":"2023-10-17T16:55:09","slug":"szkolny-konkurs-recytatorski-dla-kogo-wiersze-wladyslaw-broniewski","status":"publish","type":"post","link":"https:\/\/sp22.pl\/nowa\/index.php\/2022\/12\/08\/szkolny-konkurs-recytatorski-dla-kogo-wiersze-wladyslaw-broniewski\/","title":{"rendered":"Szkolny Konkurs Recytatorski ,,Dla kogo wiersze? &#8211; W\u0142adys\u0142aw Broniewski&#8221;"},"content":{"rendered":"<p><span data-contrast=\"auto\">Rok 2022 zosta\u0142 ustanowiony przez Rad\u0119 Miasta P\u0142ocka Rokiem W\u0142adys\u0142awa Broniewskiego.<\/span><span data-ccp-props=\"{&quot;201341983&quot;:0,&quot;335551550&quot;:6,&quot;335551620&quot;:6,&quot;335559739&quot;:0,&quot;335559740&quot;:276}\">&nbsp;<\/span><\/p>\n<p><span data-contrast=\"auto\">Tak wa\u017cne wydarzenie nie mog\u0142o pozosta\u0107 bez echa. W szkolnej bibliotece zrodzi\u0142 si\u0119 pomys\u0142 zorganizowania Szkolnego Konkursu Recytatorskiego \u201eDla kogo wiersze? \u2013 W\u0142adys\u0142aw Broniewski\u201d.&nbsp;<\/span><span data-ccp-props=\"{&quot;201341983&quot;:0,&quot;335551550&quot;:6,&quot;335551620&quot;:6,&quot;335559739&quot;:0,&quot;335559740&quot;:276}\">&nbsp;<\/span><\/p>\n<p><span data-contrast=\"auto\">W pi\u0105tek 2 grudnia jedenastu uczestnik\u00f3w z klas VII i VIII stan\u0119\u0142o w konkursowe szranki.<\/span><span data-ccp-props=\"{&quot;201341983&quot;:0,&quot;335551550&quot;:6,&quot;335551620&quot;:6,&quot;335559739&quot;:0,&quot;335559740&quot;:276}\">&nbsp;<\/span><\/p>\n<p><span data-contrast=\"auto\">Jury w sk\u0142adzie: dyrektor Agnieszka Gawli\u0144ska, nauczycielka j\u0119zyka polskiego &#8211; Ma\u0142gorzata Piotrowska oraz bibliotekarz Ksi\u0105\u017cnicy P\u0142ockiej, poeta, krytyk literacki &#8211; Maciej Wo\u017aniak, z niema\u0142ym trudem wyda\u0142o werdykt.<\/span><span data-ccp-props=\"{&quot;201341983&quot;:0,&quot;335551550&quot;:6,&quot;335551620&quot;:6,&quot;335559739&quot;:0,&quot;335559740&quot;:276}\">&nbsp;<\/span><\/p>\n<p><span data-contrast=\"auto\">Zwyci\u0119\u017cczyni\u0105 zosta\u0142a Zofia Garwacka z klasy 8g, drugie miejsce zdoby\u0142 Wiktor Zalewski z 8j, za\u015b trzecie miejsce na podium zaj\u0105\u0142 Miko\u0142aj Olszy\u0144ski z 7a. Jury przyzna\u0142o tak\u017ce dwa wyr\u00f3\u017cnienia: dla Alicji Lewandowskiej z 7a oraz Rados\u0142awa Blanka z 8g.<\/span><span data-ccp-props=\"{&quot;201341983&quot;:0,&quot;335551550&quot;:6,&quot;335551620&quot;:6,&quot;335559739&quot;:0,&quot;335559740&quot;:276}\">&nbsp;<\/span><\/p>\n<p><span data-contrast=\"auto\">Uczniowie przys\u0142uchuj\u0105cy si\u0119 recytacjom przyznali ponadto Nagrod\u0119 Publiczno\u015bci. W swoim werdykcie byli zgodni z jury. Zaszczytny tytu\u0142 trafi\u0142 do Zofii Garwackiej.<\/span><span data-ccp-props=\"{&quot;201341983&quot;:0,&quot;335551550&quot;:6,&quot;335551620&quot;:6,&quot;335559739&quot;:0,&quot;335559740&quot;:276}\">&nbsp;<\/span><\/p>\n<p><span data-contrast=\"auto\">Gratulujemy nagrodzonym, a wszystkim pozosta\u0142ym uczestnikom dzi\u0119kujemy za udzia\u0142.<\/span><span data-ccp-props=\"{&quot;201341983&quot;:0,&quot;335551550&quot;:6,&quot;335551620&quot;:6,&quot;335559739&quot;:0,&quot;335559740&quot;:276}\">&nbsp;<\/span><\/p>\nngg_shortcode_0_placeholder\n","protected":false},"excerpt":{"rendered":"<p>&#46;&#46;&#46;<\/p>\n","protected":false},"author":4,"featured_media":2125,"comment_status":"open","ping_status":"open","sticky":false,"template":"","format":"standard","meta":{"ngg_post_thumbnail":0,"footnotes":""},"categories":[1],"tags":[],"class_list":["post-2118","post","type-post","status-publish","format-standard","has-post-thumbnail","hentry","category-wiadomosci"],"_links":{"self":[{"href":"https:\/\/sp22.pl\/nowa\/index.php\/wp-json\/wp\/v2\/posts\/2118","targetHints":{"allow":["GET"]}}],"collection":[{"href":"https:\/\/sp22.pl\/nowa\/index.php\/wp-json\/wp\/v2\/posts"}],"about":[{"href":"https:\/\/sp22.pl\/nowa\/index.php\/wp-json\/wp\/v2\/types\/post"}],"author":[{"embeddable":true,"href":"https:\/\/sp22.pl\/nowa\/index.php\/wp-json\/wp\/v2\/users\/4"}],"replies":[{"embeddable":true,"href":"https:\/\/sp22.pl\/nowa\/index.php\/wp-json\/wp\/v2\/comments?post=2118"}],"version-history":[{"count":3,"href":"https:\/\/sp22.pl\/nowa\/index.php\/wp-json\/wp\/v2\/posts\/2118\/revisions"}],"predecessor-version":[{"id":3778,"href":"https:\/\/sp22.pl\/nowa\/index.php\/wp-json\/wp\/v2\/posts\/2118\/revisions\/3778"}],"wp:featuredmedia":[{"embeddable":true,"href":"https:\/\/sp22.pl\/nowa\/index.php\/wp-json\/wp\/v2\/media\/2125"}],"wp:attachment":[{"href":"https:\/\/sp22.pl\/nowa\/index.php\/wp-json\/wp\/v2\/media?parent=2118"}],"wp:term":[{"taxonomy":"category","embeddable":true,"href":"https:\/\/sp22.pl\/nowa\/index.php\/wp-json\/wp\/v2\/categories?post=2118"},{"taxonomy":"post_tag","embeddable":true,"href":"https:\/\/sp22.pl\/nowa\/index.php\/wp-json\/wp\/v2\/tags?post=2118"}],"curies":[{"name":"wp","href":"https:\/\/api.w.org\/{rel}","templated":true}]}}