{"id":2076,"date":"2022-12-05T05:34:54","date_gmt":"2022-12-05T04:34:54","guid":{"rendered":"http:\/\/sp22.pl\/nowa\/?p=2076"},"modified":"2023-10-17T19:08:06","modified_gmt":"2023-10-17T17:08:06","slug":"wyjscie-uczniow-klas-osmych-na-wystawe-o-alpinistce-wandzie-rutkiewicz","status":"publish","type":"post","link":"https:\/\/sp22.pl\/nowa\/index.php\/2022\/12\/05\/wyjscie-uczniow-klas-osmych-na-wystawe-o-alpinistce-wandzie-rutkiewicz\/","title":{"rendered":"Wyj\u015bcie uczni\u00f3w klas \u00f3smych na wystaw\u0119 o alpinistce Wandzie Rutkiewicz"},"content":{"rendered":"<p><span data-contrast=\"auto\">W ramach przygotowa\u0144 do Turnieju o tytu\u0142 Masterchefa Literackiej Kuchni organizowanego przez Ksi\u0105\u017cnic\u0119 P\u0142ock\u0105, w czwartek 17 listopada grupa uczni\u00f3w z klasy 8c oraz 8s odwiedzi\u0142a w gmachu g\u0142\u00f3wnym Ksi\u0105\u017cnicy wystaw\u0119: \u201eWanda Rutkiewicz \u2013 nad ni\u0105 ju\u017c tylko niebo\u201d.&nbsp;<\/span><span data-ccp-props=\"{&quot;201341983&quot;:0,&quot;335551550&quot;:6,&quot;335551620&quot;:6,&quot;335559739&quot;:0,&quot;335559740&quot;:276}\">&nbsp;<\/span><\/p>\n<p><span data-contrast=\"auto\">Po wystawie oprowadzi\u0142 uczni\u00f3w bibliotekarz &#8211; pan Maciej Wo\u017aniak.&nbsp;<\/span><span data-ccp-props=\"{&quot;201341983&quot;:0,&quot;335551550&quot;:6,&quot;335551620&quot;:6,&quot;335559739&quot;:0,&quot;335559740&quot;:276}\">&nbsp;<\/span><\/p>\n<p><span data-contrast=\"auto\">By\u0142a to okazja do poznania sylwetki tej niezwyk\u0142ej pionierki kobiecego alpinizmu oraz przyjrzenia si\u0119 historii polskiego himalaizmu.<\/span><span data-ccp-props=\"{&quot;201341983&quot;:0,&quot;335551550&quot;:6,&quot;335551620&quot;:6,&quot;335559739&quot;:0,&quot;335559740&quot;:276}\">&nbsp;<\/span><\/p>\n<p><img loading=\"lazy\" decoding=\"async\" class=\"alignnone size-medium wp-image-2077 aligncenter\" src=\"https:\/\/sp22.pl\/nowa\/wp-content\/uploads\/2022\/12\/wystawa_alpinista_2022_23-269x300.jpg\" alt=\"Na tle zdj\u0119cia Wandy Rutkiewicz w stroju alpinistki stoj\u0105 uczniowie z naszej szko\u0142y.\" width=\"269\" height=\"300\" srcset=\"https:\/\/sp22.pl\/nowa\/wp-content\/uploads\/2022\/12\/wystawa_alpinista_2022_23-269x300.jpg 269w, https:\/\/sp22.pl\/nowa\/wp-content\/uploads\/2022\/12\/wystawa_alpinista_2022_23-919x1024.jpg 919w, https:\/\/sp22.pl\/nowa\/wp-content\/uploads\/2022\/12\/wystawa_alpinista_2022_23-768x856.jpg 768w, https:\/\/sp22.pl\/nowa\/wp-content\/uploads\/2022\/12\/wystawa_alpinista_2022_23-1378x1536.jpg 1378w, https:\/\/sp22.pl\/nowa\/wp-content\/uploads\/2022\/12\/wystawa_alpinista_2022_23.jpg 1794w\" sizes=\"auto, (max-width: 269px) 100vw, 269px\" \/><\/p>\n","protected":false},"excerpt":{"rendered":"<p>&#46;&#46;&#46;<\/p>\n","protected":false},"author":4,"featured_media":2077,"comment_status":"open","ping_status":"open","sticky":false,"template":"","format":"standard","meta":{"ngg_post_thumbnail":0,"footnotes":""},"categories":[1],"tags":[],"class_list":["post-2076","post","type-post","status-publish","format-standard","has-post-thumbnail","hentry","category-wiadomosci"],"_links":{"self":[{"href":"https:\/\/sp22.pl\/nowa\/index.php\/wp-json\/wp\/v2\/posts\/2076","targetHints":{"allow":["GET"]}}],"collection":[{"href":"https:\/\/sp22.pl\/nowa\/index.php\/wp-json\/wp\/v2\/posts"}],"about":[{"href":"https:\/\/sp22.pl\/nowa\/index.php\/wp-json\/wp\/v2\/types\/post"}],"author":[{"embeddable":true,"href":"https:\/\/sp22.pl\/nowa\/index.php\/wp-json\/wp\/v2\/users\/4"}],"replies":[{"embeddable":true,"href":"https:\/\/sp22.pl\/nowa\/index.php\/wp-json\/wp\/v2\/comments?post=2076"}],"version-history":[{"count":2,"href":"https:\/\/sp22.pl\/nowa\/index.php\/wp-json\/wp\/v2\/posts\/2076\/revisions"}],"predecessor-version":[{"id":3785,"href":"https:\/\/sp22.pl\/nowa\/index.php\/wp-json\/wp\/v2\/posts\/2076\/revisions\/3785"}],"wp:featuredmedia":[{"embeddable":true,"href":"https:\/\/sp22.pl\/nowa\/index.php\/wp-json\/wp\/v2\/media\/2077"}],"wp:attachment":[{"href":"https:\/\/sp22.pl\/nowa\/index.php\/wp-json\/wp\/v2\/media?parent=2076"}],"wp:term":[{"taxonomy":"category","embeddable":true,"href":"https:\/\/sp22.pl\/nowa\/index.php\/wp-json\/wp\/v2\/categories?post=2076"},{"taxonomy":"post_tag","embeddable":true,"href":"https:\/\/sp22.pl\/nowa\/index.php\/wp-json\/wp\/v2\/tags?post=2076"}],"curies":[{"name":"wp","href":"https:\/\/api.w.org\/{rel}","templated":true}]}}