{"id":1931,"date":"2022-11-02T19:14:01","date_gmt":"2022-11-02T18:14:01","guid":{"rendered":"http:\/\/sp22.pl\/nowa\/?p=1931"},"modified":"2022-11-02T19:26:40","modified_gmt":"2022-11-02T18:26:40","slug":"dzien-edukacji-narodowej","status":"publish","type":"post","link":"https:\/\/sp22.pl\/nowa\/index.php\/2022\/11\/02\/dzien-edukacji-narodowej\/","title":{"rendered":"Dzie\u0144 Edukacji Narodowej"},"content":{"rendered":"<p>13 pa\u017adziernika w szkole obchodzili\u015bmy uroczysto\u015b\u0107 zwi\u0105zan\u0105 z Dniem Edukacji Narodowej. Przy\u015bwieca\u0142 nam cel, by ten dzie\u0144 zapisa\u0142 si\u0119 w naszej i uczni\u00f3w pami\u0119ci jako czas niezwyk\u0142ych niespodzianek, rado\u015bci i pozytywnych zwrot\u00f3w akcji.<\/p>\n<p>Zacz\u0119li\u015bmy od uroczystego powitania: w roli prowadz\u0105cych koordynatorzy przedsi\u0119wzi\u0119cia &#8211; Joanna Winiarska i Bogdan Kowalewski. Nast\u0119pnie wyst\u0105pi\u0142 dyrektor Janusz Banasiak, kt\u00f3ry z\u0142o\u017cy\u0142 \u017cyczenia kadrze szko\u0142y i wr\u0119czy\u0142 nagrody.<\/p>\n<p>W cz\u0119\u015bci artystycznej dyrekcja, nasi nauczyciele i uczniowie zagrali brawurowo w szalonym i trzymaj\u0105cym w napi\u0119ciu przedstawieniu \u201eWizytacja\u201d. Nadmieniam, \u017ce sztuka by\u0142a tak dobra, a gra aktorska tak porywaj\u0105ca, \u017ce niewykluczone, znajdzie swoje kolejne edycje w serialach Netflixa.<\/p>\n<p>Szczeg\u00f3lnie \u017ce bardzo roztropny Inspektor (Dominik K\u0142osi\u0144ski z 8p) i jego Asystentki (Natasza Szuli\u0144ska z 8g i Michalina Kalinowska z 8p) zwizytowali lekcj\u0119 os\u0142awionej, legendarnej 8z i bardzo prawdopodobne, \u017ce w kolejnym roku tu wr\u00f3c\u0105, sprawdzi\u0107, czy dalej uczniowie tak \u015bwietnie si\u0119 spisuj\u0105! Celuj\u0105co bowiem odpowiedziano na pytania dotycz\u0105ce szalenie trudnego quizu o Dniu Edukacji Narodowej, jak r\u00f3wnie\u017c stworzono now\u0105, zaktualizowan\u0105 wersj\u0119 bajki \u201eKruk i lis\u201d w kontek\u015bcie promocji sklep\u00f3w wielkopowierzchniowych. Nadmieniamy, \u017ce trwa\u0142a mocna rywalizacja pomi\u0119dzy \u201e\u0142awkami\u201d, bowiem temperamentu i talentu aktorom nie mo\u017cna by\u0142o odm\u00f3wi\u0107!<\/p>\n<p>W rolach uczni\u00f3w wyst\u0105pili przecie\u017c niezast\u0105pieni, pe\u0142ni zapa\u0142u: dyrektor Janusz Banasiak, wicedyrektor Marlena B\u0142achowicz, wicedyrektor Agnieszka Gawli\u0144ska i kierownik \u015bwietlicy Monika Przemy\u0142ska \u2013 zasiadaj\u0105cy w pierwszych \u0142awkach pod czujnym okiem pani polonistki, a w tej roli zachwycaj\u0105ca Zofia Koper z klasy 8 h.<\/p>\n<p>W kolejnych \u0142awkach bardzo aktywni, rozmowni i pe\u0142ni temperamentu w lekcji uczestniczyli: Olek &#8211; Monika Kopka-Wonsowska, Seba &#8211; Czarek Pi\u00f3rkowski, Mi\u0142oszek &#8211; Patrycja Jankowska i nieziemskiej urody Gabrysia, czyli Rados\u0142aw Mrowicki.<\/p>\n<p>Na koniec zaprezentowano propozycj\u0119 nowego, szykownego stroju dla nauczycieli. W tych stylizacjach niedo\u015bcignione: polonistka &#8211; Renata Markiewicz w wersji zdystansowanego luzuuu, matematyczka &#8211; dystyngowana Alicja Sojka w powabnej zieleni; szalona biolo\u017cka w drapie\u017cnej panterce &#8211; w tej roli Martyna Skrodzka; o\u017cywiona, b\u0142yszcz\u0105ca kolorem wersja historycznego designu &#8211; Magda Wilicka, wuefistka &#8211; gimnastyczka urody nieopisanej Patrycja Jankowska; wuefistka o karierze schodz\u0105cej, ale wci\u0105\u017c dziarskiej &#8211; Justyna Kamelska-Brzeszcz, na koniec w hollywoodzki look uczennicy Gabrysi wcieli\u0142 si\u0119 przebojowy wuefista &#8211; Rados\u0142aw Mrowicki!<\/p>\n<p>ngg_shortcode_0_placeholderWdzi\u0119ku, powabu i muzycznej aury nadawa\u0142, dodawa\u0142 i eksponowa\u0142 ch\u00f3r TU-TU z p. \u0141ukaszem Grockim na czele \u2013 dbaj\u0105cym r\u00f3wnie\u017c o nag\u0142o\u015bnienie.<\/p>\n<p>Dekoracje przygotowa\u0142y cudowne: Monika Krzemi\u0144ska, Ania Dymek, Natalia Or\u0142owska.<\/p>\n<p>Prezentacja: Kto jest kto? &#8211; Ania Dymek, Natalia Or\u0142owska;<\/p>\n<p>Scenariusz i re\u017cyseria sztuki, prowadz\u0105ca &#8211; koordynator &#8211; Joanna Winiarska; wsparcie merytoryczne i techniczne prowadz\u0105cy-koordynator &#8211; Bogdan Kowalewski.<\/p>\n<p>Scenariusz i re\u017cyseria pokazu mody \u2013 koordynator Bogdan Kowalewski; wsparcie merytoryczne i techniczne prowadz\u0105ca-koordynator Joanna Winiarska.<\/p>\n<p>&nbsp;<\/p>\n<p>&nbsp;<\/p>\n","protected":false},"excerpt":{"rendered":"<p>&#46;&#46;&#46;<\/p>\n","protected":false},"author":7,"featured_media":1937,"comment_status":"open","ping_status":"open","sticky":false,"template":"","format":"standard","meta":{"ngg_post_thumbnail":0,"footnotes":""},"categories":[1],"tags":[],"class_list":["post-1931","post","type-post","status-publish","format-standard","has-post-thumbnail","hentry","category-wiadomosci"],"_links":{"self":[{"href":"https:\/\/sp22.pl\/nowa\/index.php\/wp-json\/wp\/v2\/posts\/1931","targetHints":{"allow":["GET"]}}],"collection":[{"href":"https:\/\/sp22.pl\/nowa\/index.php\/wp-json\/wp\/v2\/posts"}],"about":[{"href":"https:\/\/sp22.pl\/nowa\/index.php\/wp-json\/wp\/v2\/types\/post"}],"author":[{"embeddable":true,"href":"https:\/\/sp22.pl\/nowa\/index.php\/wp-json\/wp\/v2\/users\/7"}],"replies":[{"embeddable":true,"href":"https:\/\/sp22.pl\/nowa\/index.php\/wp-json\/wp\/v2\/comments?post=1931"}],"version-history":[{"count":3,"href":"https:\/\/sp22.pl\/nowa\/index.php\/wp-json\/wp\/v2\/posts\/1931\/revisions"}],"predecessor-version":[{"id":1934,"href":"https:\/\/sp22.pl\/nowa\/index.php\/wp-json\/wp\/v2\/posts\/1931\/revisions\/1934"}],"wp:featuredmedia":[{"embeddable":true,"href":"https:\/\/sp22.pl\/nowa\/index.php\/wp-json\/wp\/v2\/media\/1937"}],"wp:attachment":[{"href":"https:\/\/sp22.pl\/nowa\/index.php\/wp-json\/wp\/v2\/media?parent=1931"}],"wp:term":[{"taxonomy":"category","embeddable":true,"href":"https:\/\/sp22.pl\/nowa\/index.php\/wp-json\/wp\/v2\/categories?post=1931"},{"taxonomy":"post_tag","embeddable":true,"href":"https:\/\/sp22.pl\/nowa\/index.php\/wp-json\/wp\/v2\/tags?post=1931"}],"curies":[{"name":"wp","href":"https:\/\/api.w.org\/{rel}","templated":true}]}}