{"id":1892,"date":"2022-10-30T02:01:55","date_gmt":"2022-10-30T01:01:55","guid":{"rendered":"http:\/\/sp22.pl\/nowa\/?p=1892"},"modified":"2022-10-30T02:40:03","modified_gmt":"2022-10-30T01:40:03","slug":"ogolnopolski-dzien-czytania-dzieciom","status":"publish","type":"post","link":"https:\/\/sp22.pl\/nowa\/index.php\/2022\/10\/30\/ogolnopolski-dzien-czytania-dzieciom\/","title":{"rendered":"Og\u00f3lnopolski Dzie\u0144 Czytania Dzieciom"},"content":{"rendered":"<p>29 IX obchodzili\u015bmy w naszej szkole Og\u00f3lnopolski Dzie\u0144 G\u0142o\u015bnego Czytania Dzieciom Klas 1.<\/p>\n<p>\u015awi\u0119to powsta\u0142o z inicjatywy Polskiej Izby Ksi\u0105\u017cki w 2001 r. Na jego Patronk\u0119 wybrano Janin\u0119 Porazi\u0144sk\u0105, pisark\u0119, kt\u00f3ra w swej tw\u00f3rczo\u015bci wiele ksi\u0105\u017cek tworzy\u0142a z my\u015bl\u0105 o dzieciach.<\/p>\n<p>Celem \u015bwi\u0119ta jest propagowanie czytelnictwa w\u015br\u00f3d najm\u0142odszych.<\/p>\n<p>W tym dniu uczni\u00f3w klas 1 odwiedzili nauczyciele biblioteki szkolnej oraz uczniowie klas 3. Pierwszaki w skupieniu s\u0142ucha\u0142y fragment\u00f3w ksi\u0105\u017cek z literatury dzieci\u0119cej, czytanych przez go\u015bci.<\/p>\n<p>Uczniowie z klasy 3b, 3d oraz 3e, na zaj\u0119ciach plastycznych, przygotowali dla najm\u0142odszych uczni\u00f3w naszej szko\u0142y, kolorowe zak\u0142adki do ksi\u0105\u017cek.<\/p>\n<p>Pierwszaki uczestniczy\u0142y te\u017c w prezentacji przygotowanej przez Pani\u0105 Emili\u0119 Heljasi\u0144sk\u0105 \u2013 Schmidt, opart\u0105 na motywach ksi\u0105\u017cki ,,Nusia i bracia \u0142osie&#8221;.<\/p>\n<p>Na pami\u0105tk\u0119 udzia\u0142u w obchodach ODGCD uczniowie klas 1 na zaj\u0119ciach z wychowawcami uzupe\u0142niali i kolorowali tematyczne karty pracy.<\/p>\n<p>W holu szko\u0142y umieszczona zosta\u0142a okoliczno\u015bciowa gazetka dla rodzic\u00f3w i uczni\u00f3w, informuj\u0105ca o idei \u015bwi\u0119ta, propaguj\u0105ca g\u0142o\u015bne czytanie dzieciom oraz pokonkursowa wystawa najpi\u0119kniejszych zak\u0142adek.<\/p>\n<p>Korzy\u015bci p\u0142yn\u0105cych z g\u0142o\u015bnego czytania dzieciom jest wiele, warto wi\u0119c po\u015bwi\u0119ci\u0107 przynajmniej 20 minut dziennie &#8211; codziennie na wsp\u00f3lne chwile z ksi\u0105\u017ck\u0105.<\/p>\n<p>Serdecznie zach\u0119camy do czytania i zapraszamy za rok \ud83d\ude42<\/p>\n<p>ngg_shortcode_0_placeholderOrganizatorzy<\/p>\n<p>Magdalena Stefa\u0144ska, Anna Kowalska, E. Heljasi\u0144ska-Schmidt, Klaudia Sobczak, E. Wi\u015bniewska, A. Wojda, A. Dymek, R. Piliczewska, I. Blank, B. Michalak.<\/p>\n","protected":false},"excerpt":{"rendered":"<p>&#46;&#46;&#46;<\/p>\n","protected":false},"author":7,"featured_media":1912,"comment_status":"open","ping_status":"open","sticky":false,"template":"","format":"standard","meta":{"ngg_post_thumbnail":0,"footnotes":""},"categories":[1],"tags":[],"class_list":["post-1892","post","type-post","status-publish","format-standard","has-post-thumbnail","hentry","category-wiadomosci"],"_links":{"self":[{"href":"https:\/\/sp22.pl\/nowa\/index.php\/wp-json\/wp\/v2\/posts\/1892","targetHints":{"allow":["GET"]}}],"collection":[{"href":"https:\/\/sp22.pl\/nowa\/index.php\/wp-json\/wp\/v2\/posts"}],"about":[{"href":"https:\/\/sp22.pl\/nowa\/index.php\/wp-json\/wp\/v2\/types\/post"}],"author":[{"embeddable":true,"href":"https:\/\/sp22.pl\/nowa\/index.php\/wp-json\/wp\/v2\/users\/7"}],"replies":[{"embeddable":true,"href":"https:\/\/sp22.pl\/nowa\/index.php\/wp-json\/wp\/v2\/comments?post=1892"}],"version-history":[{"count":13,"href":"https:\/\/sp22.pl\/nowa\/index.php\/wp-json\/wp\/v2\/posts\/1892\/revisions"}],"predecessor-version":[{"id":1893,"href":"https:\/\/sp22.pl\/nowa\/index.php\/wp-json\/wp\/v2\/posts\/1892\/revisions\/1893"}],"wp:featuredmedia":[{"embeddable":true,"href":"https:\/\/sp22.pl\/nowa\/index.php\/wp-json\/wp\/v2\/media\/1912"}],"wp:attachment":[{"href":"https:\/\/sp22.pl\/nowa\/index.php\/wp-json\/wp\/v2\/media?parent=1892"}],"wp:term":[{"taxonomy":"category","embeddable":true,"href":"https:\/\/sp22.pl\/nowa\/index.php\/wp-json\/wp\/v2\/categories?post=1892"},{"taxonomy":"post_tag","embeddable":true,"href":"https:\/\/sp22.pl\/nowa\/index.php\/wp-json\/wp\/v2\/tags?post=1892"}],"curies":[{"name":"wp","href":"https:\/\/api.w.org\/{rel}","templated":true}]}}