{"id":15239,"date":"2026-07-04T14:26:37","date_gmt":"2026-07-04T12:26:37","guid":{"rendered":"https:\/\/sp22.pl\/nowa\/?p=15239"},"modified":"2026-07-04T14:27:43","modified_gmt":"2026-07-04T12:27:43","slug":"zakonczenie-roku-szkolnego-2025-2026-klasy-trzecie","status":"publish","type":"post","link":"https:\/\/sp22.pl\/nowa\/index.php\/2026\/07\/04\/zakonczenie-roku-szkolnego-2025-2026-klasy-trzecie\/","title":{"rendered":"Zako\u0144czenie roku szkolnego 2025\/2026 &#8211; klasy trzecie"},"content":{"rendered":"<p><span style=\"color: #000000;\"><span style=\"font-family: Arial, sans-serif;\"><span style=\"font-size: medium;\">26 czerwca 2026 r. w naszej Szkole odby\u0142o si\u0119 uroczyste zako\u0144czenie roku szkolnego Uczni\u00f3w klas trzecich.<br \/>\nBy\u0142 to wyj\u0105tkowy moment, podczas kt\u00f3rego Trzecioklasi\u015bci oficjalnie zako\u0144czyli pierwszy etap swojej edukacyjnej drogi<br \/>\ni z rado\u015bci\u0105, ale r\u00f3wnie\u017c ze wzruszeniem, po\u017cegnali nauk\u0119 w edukacji wczesnoszkolnej.<\/span><\/span><\/span><\/p>\n<p><span style=\"color: #000000;\"><span style=\"font-family: Arial, sans-serif;\"><span style=\"font-size: medium;\">Uroczysto\u015b\u0107 rozpocz\u0119\u0142a si\u0119 powitaniem, przez Pani\u0105 Natali\u0119 Szwech, Uczni\u00f3w, Ich Rodzic\u00f3w, Nauczycieli oraz zaproszonych Go\u015bci. Nast\u0119pnie g\u0142os zabra\u0142a Pani Dyrektor Marlena B\u0142achowicz, kt\u00f3ra pogratulowa\u0142a Uczniom osi\u0105gni\u0119tych sukces\u00f3w, podzi\u0119kowa\u0142a Nauczycielom za ich codzienny trud, a Rodzicom za wsparcie i wsp\u00f3\u0142prac\u0119.<\/span><\/span><\/span><\/p>\n<p><span style=\"color: #000000;\"><span style=\"font-family: Arial, sans-serif;\"><span style=\"font-size: medium;\">Wyj\u0105tkowym punktem uroczysto\u015bci by\u0142o wyst\u0105pienie Pana \u0141ukasza Jankowskiego- Zast\u0119pcy Prezydenta Miasta P\u0142ocka ds. Polityki Spo\u0142ecznej, kt\u00f3ry spojrza\u0142 na ten dzie\u0144 z dw\u00f3ch pozazawodowych perspektyw. Jedn\u0105 wyznaczy\u0142a Mu rola Taty Ucznia klasy trzeciej, drug\u0105- fakt bycia absolwentem naszej Szko\u0142y. W swoim, pe\u0142nym wzrusze\u0144, przem\u00f3wieniu podkre\u015bli\u0142 warto\u015b\u0107 szkolnych wspomnie\u0144, rol\u0119 nauczycieli w kszta\u0142towaniu m\u0142odych ludzi oraz znaczenie wi\u0119zi, kt\u00f3re tworz\u0105 si\u0119<br \/>\nw murach szko\u0142y. \u017byczy\u0142 Trzecioklasistom, aby z odwag\u0105 i ciekawo\u015bci\u0105 rozpocz\u0119li kolejny etap swojej edukacyjnej przygody.<\/span><\/span><\/span><\/p>\n<p><span style=\"color: #000000;\"><span style=\"font-family: Arial, sans-serif;\"><span style=\"font-size: medium;\">G\u0142os zabra\u0142 r\u00f3wnie\u017c Pan Przemys\u0142aw Zieli\u0144ski- Przewodnicz\u0105cy Rady Rodzic\u00f3w, kt\u00f3ry pogratulowa\u0142 Uczniom uko\u0144czenia pierwszego etapu nauki, podzi\u0119kowa\u0142 Nauczycielom za ich zaanga\u017cowanie i codzienn\u0105 prac\u0119, a Rodzicom za wsp\u00f3\u0142prac\u0119 na rzecz ca\u0142ej spo\u0142eczno\u015bci szkolnej. \u017byczy\u0142 wszystkim Dzieciom bezpiecznych, pogodnych i pe\u0142nych niezapomnianych wra\u017ce\u0144 wakacji.<\/span><\/span><\/span><\/p>\n<p><span style=\"color: #000000;\"><span style=\"font-family: Arial, sans-serif;\"><span style=\"font-size: medium;\">Wa\u017cnym momentem wydarzenia by\u0142o tak\u017ce wr\u0119czenie nagr\u00f3d Laureatom konkurs\u00f3w przedmiotowych: \u201eKangura Matematycznego\u201d, Szkolnej Ligi Przedmiotowej z j\u0119zyka angielskiego, edukacji polonistycznej i edukacji matematycznej oraz Og\u00f3lnopolskiej Olimpiady Przedmiotowej OLIMPUS<i>&nbsp;<\/i>w kategorii j\u0119zyk polski, j\u0119zyk angielski, matematyka. Wszyscy Trzecioklasi\u015bci otrzymali na pami\u0105tk\u0119 uko\u0144czenia pierwszego etapu edukacyjnego ksi\u0105\u017cki. Nagrody te zosta\u0142y ufundowane przez Rad\u0119 Rodzic\u00f3w, Szko\u0142\u0119 Podstawow\u0105 nr 22 w P\u0142ocku oraz Uniwersytet Powszechny&nbsp;<i>Vita<\/i>.<\/span><\/span><\/span><\/p>\n<p><span style=\"color: #000000;\"><span style=\"font-family: Arial, sans-serif;\"><span style=\"font-size: medium;\">Nie zabrak\u0142o tak\u017ce cz\u0119\u015bci artystycznej. Szkolny Ch\u00f3r Tu-Tu oraz zesp\u00f3\u0142 Tu-Tu Band, pod kierunkiem Pana \u0141ukasza Grockiego, wprowadzili wszystkich w radosny, wakacyjny nastr\u00f3j. Przedstawiciele klas trzecich zaprezentowali wzruszaj\u0105cy program s\u0142owny, w kt\u00f3rym wspominali pierwsze dni w naszej plac\u00f3wce, dzi\u0119kowali Wychowawcom za cierpliwo\u015b\u0107 i trosk\u0119, Rodzicom za codzienne wsparcie oraz ca\u0142ej spo\u0142eczno\u015bci szkolnej za wsp\u00f3lnie sp\u0119dzone lata.<\/span><\/span><\/span><\/p>\n<p><span style=\"color: #000000;\"><span style=\"font-family: Arial, sans-serif;\"><span style=\"font-size: medium;\">Pe\u0142ne ciep\u0142ych s\u0142\u00f3w wyst\u0105pienia przypomnia\u0142y, jak wiele pi\u0119knych chwil prze\u017cyli Uczniowie podczas pierwszych trzech lat nauki. Nie zabrak\u0142o podzi\u0119kowa\u0144 dla Pani Dyrektor za \u017cyczliwo\u015b\u0107 i serce wk\u0142adane w rozw\u00f3j Szko\u0142y oraz stworzenie miejsca, w kt\u00f3rym Dzieci mog\u0105 rozwija\u0107 swoje talenty i pasje.<\/span><\/span><\/span><\/p>\n<p><span style=\"color: #000000;\"><span style=\"font-family: Arial, sans-serif;\"><span style=\"font-size: medium;\">Serdecznie gratulujemy wszystkim Uczniom uko\u0144czenia pierwszego etapu edukacji. \u017byczymy Im wielu sukces\u00f3w w klasie czwartej, odwagi w podejmowaniu nowych wyzwa\u0144 oraz wspania\u0142ych, bezpiecznych i pe\u0142nych niezapomnianych przyg\u00f3d wakacji.<\/span><\/span><\/span><\/p>\n<p><em><span style=\"color: #000000;\"><span style=\"font-family: Arial, sans-serif;\"><span style=\"font-size: medium;\">Koordynator przedsi\u0119wzi\u0119cia i opracowanie materia\u0142u: p. Beata Chrobot -Tutkaj<\/span><\/span><\/span><\/em><\/p>\nngg_shortcode_0_placeholder\n","protected":false},"excerpt":{"rendered":"<p>&#46;&#46;&#46;<\/p>\n","protected":false},"author":9,"featured_media":15240,"comment_status":"open","ping_status":"open","sticky":false,"template":"","format":"standard","meta":{"ngg_post_thumbnail":0,"footnotes":""},"categories":[1],"tags":[],"class_list":["post-15239","post","type-post","status-publish","format-standard","has-post-thumbnail","hentry","category-wiadomosci"],"_links":{"self":[{"href":"https:\/\/sp22.pl\/nowa\/index.php\/wp-json\/wp\/v2\/posts\/15239","targetHints":{"allow":["GET"]}}],"collection":[{"href":"https:\/\/sp22.pl\/nowa\/index.php\/wp-json\/wp\/v2\/posts"}],"about":[{"href":"https:\/\/sp22.pl\/nowa\/index.php\/wp-json\/wp\/v2\/types\/post"}],"author":[{"embeddable":true,"href":"https:\/\/sp22.pl\/nowa\/index.php\/wp-json\/wp\/v2\/users\/9"}],"replies":[{"embeddable":true,"href":"https:\/\/sp22.pl\/nowa\/index.php\/wp-json\/wp\/v2\/comments?post=15239"}],"version-history":[{"count":3,"href":"https:\/\/sp22.pl\/nowa\/index.php\/wp-json\/wp\/v2\/posts\/15239\/revisions"}],"predecessor-version":[{"id":15243,"href":"https:\/\/sp22.pl\/nowa\/index.php\/wp-json\/wp\/v2\/posts\/15239\/revisions\/15243"}],"wp:featuredmedia":[{"embeddable":true,"href":"https:\/\/sp22.pl\/nowa\/index.php\/wp-json\/wp\/v2\/media\/15240"}],"wp:attachment":[{"href":"https:\/\/sp22.pl\/nowa\/index.php\/wp-json\/wp\/v2\/media?parent=15239"}],"wp:term":[{"taxonomy":"category","embeddable":true,"href":"https:\/\/sp22.pl\/nowa\/index.php\/wp-json\/wp\/v2\/categories?post=15239"},{"taxonomy":"post_tag","embeddable":true,"href":"https:\/\/sp22.pl\/nowa\/index.php\/wp-json\/wp\/v2\/tags?post=15239"}],"curies":[{"name":"wp","href":"https:\/\/api.w.org\/{rel}","templated":true}]}}