{"id":15211,"date":"2026-07-04T14:00:58","date_gmt":"2026-07-04T12:00:58","guid":{"rendered":"https:\/\/sp22.pl\/nowa\/?p=15211"},"modified":"2026-07-04T14:03:57","modified_gmt":"2026-07-04T12:03:57","slug":"zakonczenie-roku-szkolnego-2025-2026-klasy-osme","status":"publish","type":"post","link":"https:\/\/sp22.pl\/nowa\/index.php\/2026\/07\/04\/zakonczenie-roku-szkolnego-2025-2026-klasy-osme\/","title":{"rendered":"Zako\u0144czenie roku szkolnego 2025\/2026 &#8211; klasy \u00f3sme"},"content":{"rendered":"<p align=\"left\"><span style=\"color: #000000;\"><span style=\"font-family: Arial, sans-serif;\"><span style=\"font-size: medium;\">26 czerwca 2026 roku zapisa\u0142 si\u0119 w historii naszej szko\u0142y jako dzie\u0144 szczeg\u00f3lny \u2013 dzie\u0144 pe\u0142en wzrusze\u0144, wspomnie\u0144<br \/>\ni g\u0142\u0119bokiej refleksji. Tego dnia po\u017cegnali\u015bmy Absolwent\u00f3w klas \u00f3smych, kt\u00f3rzy po o\u015bmiu latach nauki przekroczyli pr\u00f3g naszej szko\u0142y, by wyruszy\u0107 w kolejny etap swojej edukacyjnej podr\u00f3\u017cy.<\/span><\/span><\/span><\/p>\n<p align=\"left\"><span style=\"color: #000000;\"><span style=\"font-family: Arial, sans-serif;\"><span style=\"font-size: medium;\">To by\u0142a chwila niepowtarzalna, kt\u00f3ra na d\u0142ugo pozostanie w pami\u0119ci wszystkich jej uczestnik\u00f3w \u2013 Uczni\u00f3w, Nauczycieli<br \/>\ni Rodzic\u00f3w. Za Absolwentami osiem lat wsp\u00f3lnej nauki, niezliczonych szkolnych przyg\u00f3d, wyzwa\u0144 i sukces\u00f3w. Ka\u017cdy dzie\u0144 sp\u0119dzony w murach naszej szko\u0142y by\u0142 dla nich okazj\u0105 do zdobywania wiedzy i nowych umiej\u0119tno\u015bci, ale tak\u017ce<br \/>\ndo rozwijania talent\u00f3w, pasji i przyja\u017ani, kt\u00f3re \u2013 jak wierzymy \u2013 b\u0119d\u0105 im towarzyszy\u0107 przez ca\u0142e \u017cycie. Z zaanga\u017cowaniem uczestniczyli w lekcjach, projektach edukacyjnych, konkursach i wydarzeniach sportowych, dowodz\u0105c, \u017ce potrafi\u0105<br \/>\nz powodzeniem \u0142\u0105czy\u0107 obowi\u0105zki z rado\u015bci\u0105 odkrywania \u015bwiata.<\/span><\/span><\/span><\/p>\n<p align=\"left\"><span style=\"color: #000000;\"><span style=\"font-family: Arial, sans-serif;\"><span style=\"font-size: medium;\">Podnios\u0142y charakter uroczysto\u015bci zosta\u0142 podkre\u015blony przez ceremonia\u0142 przekazania opieki nad szkolnym sztandarem.<br \/>\nDla odchodz\u0105cych rocznik\u00f3w by\u0142 on niemym \u015bwiadkiem ich drogi od uroczystego \u015blubowania w klasie pierwszej a\u017c po dzisiejsze sukcesy.<\/span><\/span><\/span><\/p>\n<p align=\"left\"><span style=\"color: #000000;\"><span style=\"font-family: Arial, sans-serif;\"><span style=\"font-size: medium;\">Uczniowie \u00f3smych klas: Marika Szyma\u0144ska, Lena Zawadzka oraz Kacper Kosz, ko\u0144cz\u0105c zaszczytn\u0105 s\u0142u\u017cb\u0119 w poczcie sztandarowym, powierzyli swoje obowi\u0105zki nowym uczniom, kt\u00f3rzy zobowi\u0105zali si\u0119 godnie reprezentowa\u0107 szko\u0142\u0119<br \/>\ni z szacunkiem dba\u0107 o powierzony im symbol.<\/span><\/span><\/span><\/p>\n<p align=\"left\"><span style=\"color: #000000;\"><span style=\"font-family: Arial, sans-serif;\"><span style=\"font-size: medium;\">Nowymi cz\u0142onkami pocztu sztandarowego zostali w pierwszym sk\u0142adzie: Joanna Sobieszy\u0144ska, Zofia Felicja Zieli\u0144ska oraz Jakub Sobczak, natomiast w drugim sk\u0142adzie: Magdalena Gorsiak, Nadia Wiaderna i Jan Dom\u017calski.<\/span><\/span><\/span><\/p>\n<p align=\"left\"><span style=\"color: #000000;\"><span style=\"font-family: Arial, sans-serif;\"><span style=\"font-size: medium;\">Serdecznie gratulujemy nowemu pocztowi sztandarowemu i wierzymy, \u017ce ta pi\u0119kna, \u0142\u0105cz\u0105ca pokolenia tradycja b\u0119dzie trwa\u0107 nieprzerwanie.<\/span><\/span><\/span><\/p>\n<p align=\"left\"><span style=\"color: #000000;\"><span style=\"font-family: Arial, sans-serif;\"><span style=\"font-size: medium;\">Uroczyste spotkanie z Absolwentami, ich Rodzicami oraz Nauczycielami sta\u0142o si\u0119 okazj\u0105 do podsumowania o\u015bmioletniego trudu i osi\u0105gni\u0119\u0107 edukacyjnych Uczni\u00f3w. W tym podnios\u0142ym momencie Pani Dyrektor Marlena B\u0142achowicz wraz z Pani\u0105 Wicedyrektor Iwon\u0105 Ko\u0142odziejsk\u0105 wr\u0119czy\u0142y Absolwentom nagrody za celuj\u0105ce i bardzo dobre wyniki w nauce<br \/>\noraz za wzorowe zachowanie.<\/span><\/span><\/span><\/p>\n<p align=\"left\"><span style=\"color: #000000;\"><span style=\"font-family: Arial, sans-serif;\"><span style=\"font-size: medium;\">Fundatorem nagr\u00f3d, jak co roku, by\u0142a Rada Rodzic\u00f3w pod przewodnictwem Pana Przemys\u0142awa Zieli\u0144skiego, kt\u00f3remu nale\u017c\u0105 si\u0119 szczeg\u00f3lne podzi\u0119kowania za hojno\u015b\u0107 i wsparcie.<\/span><\/span><\/span><\/p>\n<p align=\"left\"><span style=\"color: #000000;\"><span style=\"font-family: Arial, sans-serif;\"><span style=\"font-size: medium;\">Wa\u017cnym momentem uroczysto\u015bci by\u0142o r\u00f3wnie\u017c wr\u0119czenie nagr\u00f3d Aleksandrze Lewandowskiej &#8211; laureatce&nbsp;interdyscyplinarnego Konkursu o Zdrowiu &#8222;Higieja&#8221;, Kindze Lewandowskiej \u2013 finalistce Konkursu Polonistycznego, Mai Sadowskiej \u2013 finalistce Konkursu Geograficznego, organizowanych przez Mazowieckiego Kuratora O\u015bwiaty, oraz Dominikowi Felczy\u0144skiemu &#8211; zwyci\u0119zcy Wojew\u00f3dzkiego Konkursu Matematycznego \u201eVia Mathematica \u2013 droga matematyki\u201d.<\/span><\/span><\/span><\/p>\n<p align=\"left\"><span style=\"color: #000000;\"><span style=\"font-family: Arial, sans-serif;\"><span style=\"font-size: medium;\">Wielkie emocje wzbudzi\u0142o og\u0142oszenie tytu\u0142u \u201eNajlepszego z Najlepszych\u201d naszej szko\u0142y w tym roku szkolnym. Zaszczytne wyr\u00f3\u017cnienie przypad\u0142o Poli Mroczek, Uczennicy klasy 8b, kt\u00f3ra tym osi\u0105gni\u0119ciem ukoronowa\u0142a swoj\u0105 wieloletni\u0105 prac\u0119<br \/>\ni wytrwa\u0142o\u015b\u0107.<\/span><\/span><\/span><\/p>\n<p align=\"left\"><span style=\"color: #000000;\"><span style=\"font-family: Arial, sans-serif;\"><span style=\"font-size: medium;\">Nie zabrak\u0142o r\u00f3wnie\u017c chwili wzruszenia, gdy uhonorowano Rodzic\u00f3w Listami Gratulacyjnymi \u2013 w ge\u015bcie wdzi\u0119czno\u015bci<br \/>\ni uznania za ich nieoceniony wk\u0142ad w wychowanie i edukacj\u0119 dzieci. <\/span><\/span><\/span><\/p>\n<p align=\"left\"><span style=\"color: #000000;\"><span style=\"font-family: Arial, sans-serif;\"><span style=\"font-size: medium;\">Szczeg\u00f3lnie poruszaj\u0105cym momentem uroczysto\u015bci by\u0142o wyst\u0105pienie Karoliny Dominowskiej &#8211; Przewodnicz\u0105cej Samorz\u0105du Uczniowskiego, kt\u00f3ra w imieniu wszystkich Uczni\u00f3w podzi\u0119kowa\u0142a Dyrekcji, Nauczycielom i Wychowawcom za ich nieustaj\u0105c\u0105 cierpliwo\u015b\u0107, zaanga\u017cowanie oraz trosk\u0119 o ka\u017cdego ucznia. Te wzruszaj\u0105ce s\u0142owa by\u0142y najpi\u0119kniejszym dowodem na to, \u017ce codzienna praca Nauczycieli ma sens i przynosi owoce.<\/span><\/span><\/span><\/p>\n<p align=\"left\"><span style=\"color: #000000;\"><span style=\"font-family: Arial, sans-serif;\"><span style=\"font-size: medium;\">Niech motto: \u201eKa\u017cde zako\u0144czenie jest nowym pocz\u0105tkiem\u2026\u201d towarzyszy Absolwentom na kolejnych etapach ich \u017cycia.<\/span><\/span><\/span><\/p>\n<p align=\"left\"><em><span style=\"color: #000000;\"><span style=\"font-family: Arial, sans-serif;\"><span style=\"font-size: medium;\">Koordynatorzy przedsi\u0119wzi\u0119cia: <\/span><\/span><\/span><\/em><em><span style=\"color: #000000;\"><span style=\"font-family: Arial, sans-serif;\"><span style=\"font-size: medium;\">Agnieszka Kruszewska, Agnieszka Sosnowska<\/span><\/span><\/span><\/em><\/p>\n<p align=\"left\"><em><span style=\"color: #000000;\"><span style=\"font-family: Arial, sans-serif;\"><span style=\"font-size: medium;\">Przygotowanie uroczysto\u015bci: Monika Krzemi\u0144ska, Agnieszka Kruszewska, Agnieszka Sosnowska, Pawe\u0142 Suli\u0144ski, Dariusz Makowski, oprawa muzyczna \u0141ukasz Grocki, zdj\u0119cia Marta Szumska, <\/span><\/span><\/span><\/em><em><span style=\"color: #000000;\"><span style=\"font-family: Arial, sans-serif;\"><span style=\"font-size: medium;\">prowadzenie uroczysto\u015bci Natalia Szwech<\/span><\/span><\/span><\/em><\/p>\n<p align=\"left\"><em><span style=\"color: #000000;\"><span style=\"font-family: Arial, sans-serif;\"><span style=\"font-size: medium;\">Opracowanie materia\u0142u: Agnieszka Sosnowska<\/span><\/span><\/span><\/em><\/p>\nngg_shortcode_0_placeholder\n","protected":false},"excerpt":{"rendered":"<p>&#46;&#46;&#46;<\/p>\n","protected":false},"author":9,"featured_media":15212,"comment_status":"open","ping_status":"open","sticky":false,"template":"","format":"standard","meta":{"ngg_post_thumbnail":0,"footnotes":""},"categories":[1],"tags":[],"class_list":["post-15211","post","type-post","status-publish","format-standard","has-post-thumbnail","hentry","category-wiadomosci"],"_links":{"self":[{"href":"https:\/\/sp22.pl\/nowa\/index.php\/wp-json\/wp\/v2\/posts\/15211","targetHints":{"allow":["GET"]}}],"collection":[{"href":"https:\/\/sp22.pl\/nowa\/index.php\/wp-json\/wp\/v2\/posts"}],"about":[{"href":"https:\/\/sp22.pl\/nowa\/index.php\/wp-json\/wp\/v2\/types\/post"}],"author":[{"embeddable":true,"href":"https:\/\/sp22.pl\/nowa\/index.php\/wp-json\/wp\/v2\/users\/9"}],"replies":[{"embeddable":true,"href":"https:\/\/sp22.pl\/nowa\/index.php\/wp-json\/wp\/v2\/comments?post=15211"}],"version-history":[{"count":5,"href":"https:\/\/sp22.pl\/nowa\/index.php\/wp-json\/wp\/v2\/posts\/15211\/revisions"}],"predecessor-version":[{"id":15217,"href":"https:\/\/sp22.pl\/nowa\/index.php\/wp-json\/wp\/v2\/posts\/15211\/revisions\/15217"}],"wp:featuredmedia":[{"embeddable":true,"href":"https:\/\/sp22.pl\/nowa\/index.php\/wp-json\/wp\/v2\/media\/15212"}],"wp:attachment":[{"href":"https:\/\/sp22.pl\/nowa\/index.php\/wp-json\/wp\/v2\/media?parent=15211"}],"wp:term":[{"taxonomy":"category","embeddable":true,"href":"https:\/\/sp22.pl\/nowa\/index.php\/wp-json\/wp\/v2\/categories?post=15211"},{"taxonomy":"post_tag","embeddable":true,"href":"https:\/\/sp22.pl\/nowa\/index.php\/wp-json\/wp\/v2\/tags?post=15211"}],"curies":[{"name":"wp","href":"https:\/\/api.w.org\/{rel}","templated":true}]}}