{"id":15153,"date":"2026-06-22T06:20:18","date_gmt":"2026-06-22T04:20:18","guid":{"rendered":"https:\/\/sp22.pl\/nowa\/?p=15153"},"modified":"2026-07-02T16:01:35","modified_gmt":"2026-07-02T14:01:35","slug":"15153","status":"publish","type":"post","link":"https:\/\/sp22.pl\/nowa\/index.php\/2026\/06\/22\/15153\/","title":{"rendered":"Wielki sukces naszej Szko\u0142y w XXX edycji Mi\u0119dzyszkolnej Ligi Przedmiotowej!"},"content":{"rendered":"<p><span style=\"color: #000000;\">18 czerwca 2026 r. w sali widowiskowej SP nr 3 w P\u0142ocku odby\u0142o si\u0119 uroczyste podsumowanie XXX edycji Mi\u0119dzyszkolnej Ligi Przedmiotowej. Tegorocznej jubileuszowej edycji konkursu przy\u015bwieca\u0142o motto: <em>\u201eNie tylko zwyci\u0119zcy tworz\u0105 sukces \u2013 sukcesem jest ju\u017c znalezienie si\u0119 w\u015br\u00f3d najlepszych\u201d.<\/em><\/span><\/p>\n<p><span style=\"color: #000000;\">Jak co roku w\u015br\u00f3d najlepszych znale\u017ali si\u0119 nasi uczniowie z klas III \u2013 VIII, kt\u00f3rzy indywidualnie i dru\u017cynowo mogli zaprezentowa\u0107 sw\u00f3j talent, wiedz\u0119, umiej\u0119tno\u015bci. W&nbsp;kl. III uczestnicy rywalizowali w konkursach z edukacji matematycznej i polonistycznej, a w kl. IV \u2013 VIII z j\u0119zyka polskiego, matematyki i j\u0119zyka angielskiego.<\/span><\/p>\n<p><span style=\"color: #000000;\">Z ogromn\u0105 rado\u015bci\u0105 informujemy, \u017ce tytu\u0142 Laureata zdobyli:<\/span><\/p>\n<ul>\n<li><span style=\"color: #000000;\">Witold Oziemblewski z kl. III f \u2013 III miejsce (edukacja matematyczna),<\/span><\/li>\n<li><span style=\"color: #000000;\">Hanna Grabowska z kl. V c \u2013 III miejsce (j\u0119zyk angielski),<\/span><\/li>\n<li><span style=\"color: #000000;\">Oliwia Sza\u0142kiewicz z kl. V d \u2013 III miejsce (j\u0119zyk angielski),<\/span><\/li>\n<li><span style=\"color: #000000;\">Jan Dom\u017calski z kl. VI c \u2013 I miejsce (matematyka),<\/span><\/li>\n<li><span style=\"color: #000000;\">Wiktoria Matusiak z kl. VII b \u2013 III miejsce (j\u0119zyk polski),<\/span><\/li>\n<li><span style=\"color: #000000;\">Zuzanna J\u0119drzejczak z kl. VIII a \u2013 III miejsce (j\u0119zyk angielski),<\/span><\/li>\n<li><span style=\"color: #000000;\">Dominik Felczy\u0144ski z kl. VIII d \u2013 III miejsce (matematyka).<\/span><\/li>\n<\/ul>\n<p><span style=\"color: #000000;\">W&nbsp;klasyfikacji dru\u017cynowej okazali\u015bmy si\u0119 niekwestionowanym liderem. Jako jedyni otrzymali\u015bmy a\u017c sze\u015b\u0107 statuetek za zwyci\u0119stwa zespo\u0142owe! Pierwszymi miejscami w swoich kategoriach mog\u0105 poszczyci\u0107 si\u0119 cztery dru\u017cyny z matematyki (kl. IV, kl.VI, kl. VII i kl. VIII) oraz dwie z j\u0119zyka angielskiego (kl. V i kl. VIII). Poza tym trzy nasze dru\u017cyny uplasowa\u0142y si\u0119 na drugich miejscach: z j\u0119zyka angielskiego (kl. VI i kl. VII) oraz j\u0119zyka polskiego (kl. VII).<\/span><\/p>\n<p><span style=\"color: #000000;\">Gratulujemy naszym reprezentantom, kt\u00f3rzy podj\u0119li wyzwanie i rozwijali swoje zainteresowania, nauczycielom przygotowuj\u0105cym uczni\u00f3w do konkurs\u00f3w oraz rodzicom, kt\u00f3rzy wspierali ich w drodze do sukcesu.<\/span><\/p>\n<p><span style=\"color: #000000;\"><em>Opracowanie materia\u0142u: Anna Boduch, Ma\u0142gorzata Piotrowska<\/em><\/span><\/p>\n<p><span style=\"color: #000000;\">Zapraszamy do ogl\u0105dania fotorelacji z tego wydarzenia. <a href=\"https:\/\/portalplock.pl\/wiadomosci\/30-miedzyszkolna-liga-przedmiotowa-laureaci-odebrali-nagrody-zdjecia\/0NAGXeMnXA5MhnFFCZc1?utm_campaign=mrf-facebook-portalplock&amp;utm_source=facebook&amp;utm_medium=social&amp;mrfcid=202606186a33ef58612e516131c67503\">link<\/a><\/span><\/p>\n","protected":false},"excerpt":{"rendered":"<p>&#46;&#46;&#46;<\/p>\n","protected":false},"author":5,"featured_media":15171,"comment_status":"open","ping_status":"open","sticky":false,"template":"","format":"standard","meta":{"ngg_post_thumbnail":0,"footnotes":""},"categories":[1],"tags":[],"class_list":["post-15153","post","type-post","status-publish","format-standard","has-post-thumbnail","hentry","category-wiadomosci"],"_links":{"self":[{"href":"https:\/\/sp22.pl\/nowa\/index.php\/wp-json\/wp\/v2\/posts\/15153","targetHints":{"allow":["GET"]}}],"collection":[{"href":"https:\/\/sp22.pl\/nowa\/index.php\/wp-json\/wp\/v2\/posts"}],"about":[{"href":"https:\/\/sp22.pl\/nowa\/index.php\/wp-json\/wp\/v2\/types\/post"}],"author":[{"embeddable":true,"href":"https:\/\/sp22.pl\/nowa\/index.php\/wp-json\/wp\/v2\/users\/5"}],"replies":[{"embeddable":true,"href":"https:\/\/sp22.pl\/nowa\/index.php\/wp-json\/wp\/v2\/comments?post=15153"}],"version-history":[{"count":5,"href":"https:\/\/sp22.pl\/nowa\/index.php\/wp-json\/wp\/v2\/posts\/15153\/revisions"}],"predecessor-version":[{"id":15173,"href":"https:\/\/sp22.pl\/nowa\/index.php\/wp-json\/wp\/v2\/posts\/15153\/revisions\/15173"}],"wp:featuredmedia":[{"embeddable":true,"href":"https:\/\/sp22.pl\/nowa\/index.php\/wp-json\/wp\/v2\/media\/15171"}],"wp:attachment":[{"href":"https:\/\/sp22.pl\/nowa\/index.php\/wp-json\/wp\/v2\/media?parent=15153"}],"wp:term":[{"taxonomy":"category","embeddable":true,"href":"https:\/\/sp22.pl\/nowa\/index.php\/wp-json\/wp\/v2\/categories?post=15153"},{"taxonomy":"post_tag","embeddable":true,"href":"https:\/\/sp22.pl\/nowa\/index.php\/wp-json\/wp\/v2\/tags?post=15153"}],"curies":[{"name":"wp","href":"https:\/\/api.w.org\/{rel}","templated":true}]}}