{"id":15101,"date":"2025-10-16T22:25:16","date_gmt":"2025-10-16T20:25:16","guid":{"rendered":"https:\/\/sp22.pl\/nowa\/?p=15101"},"modified":"2026-07-01T22:29:59","modified_gmt":"2026-07-01T20:29:59","slug":"uczniowie-z-sercem-zakladki-na-dzien-edukacji-narodowej","status":"publish","type":"post","link":"https:\/\/sp22.pl\/nowa\/index.php\/2025\/10\/16\/uczniowie-z-sercem-zakladki-na-dzien-edukacji-narodowej\/","title":{"rendered":"Uczniowie z sercem \u2013 zak\u0142adki na Dzie\u0144 Edukacji Narodowej"},"content":{"rendered":"<p lang=\"zxx\"><span style=\"color: #000000;\"><span style=\"font-family: Arial, sans-serif;\"><span style=\"font-size: medium;\">Z okazji <\/span><\/span><span style=\"font-family: Arial, sans-serif;\"><span style=\"font-size: medium;\">Dnia Edukacji Narodowej<\/span><\/span><span style=\"font-family: Arial, sans-serif;\"><span style=\"font-size: medium;\"> cz\u0142onkowie Samorz\u0105du Uczniowskiego przygotowali wyj\u0105tkow\u0105 niespodziank\u0119 dla wszystkich pracownik\u00f3w naszej szko\u0142y. Uczniowie <\/span><\/span><span style=\"font-family: Arial, sans-serif;\"><span style=\"font-size: medium;\">samodzielnie zaprojektowali i w\u0142asnor\u0119cznie wykonali kolorowe zak\u0142adki do ksi\u0105\u017cek<\/span><\/span><span style=\"font-family: Arial, sans-serif;\"><span style=\"font-size: medium;\">, kt\u00f3re sta\u0142y si\u0119 symbolicznym upominkiem i wyrazem wdzi\u0119czno\u015bci za codzienny trud, zaanga\u017cowanie i \u017cyczliwo\u015b\u0107.<\/span><\/span><\/span><\/p>\n<p lang=\"zxx\"><span style=\"color: #000000;\"><span style=\"font-family: Arial, sans-serif;\"><span style=\"font-size: medium;\">Podczas szkolnych obchod\u00f3w \u015bwi\u0119ta uczniowie <\/span><\/span><span style=\"font-family: Arial, sans-serif;\"><span style=\"font-size: medium;\">w uroczysty spos\u00f3b wr\u0119czyli zak\u0142adki ka\u017cdemu pracownikowi<\/span><\/span><span style=\"font-family: Arial, sans-serif;\"><span style=\"font-size: medium;\">, sk\u0142adaj\u0105c przy tym serdeczne \u017cyczenia i ciep\u0142e s\u0142owa uznania.<\/span><\/span><\/span><\/p>\n<p lang=\"zxx\"><span style=\"font-family: Arial, sans-serif; color: #000000;\"><span style=\"font-size: medium;\">Gest ten spotka\u0142 si\u0119 z ogromnym wzruszeniem i wdzi\u0119czno\u015bci\u0105 ze strony nauczycieli oraz wszystkich pracownik\u00f3w szko\u0142y. <\/span><\/span><\/p>\n<p lang=\"zxx\"><span style=\"font-family: Arial, sans-serif; color: #000000;\"><span style=\"font-size: medium;\">Dzi\u0119kujemy Samorz\u0105dowi Uczniowskiemu za pomys\u0142, zaanga\u017cowanie i pi\u0119kny przyk\u0142ad wsp\u00f3lnoty szkolnej!<\/span><\/span><\/p>\n<p lang=\"zxx\"><em><span style=\"color: #000000;\">Opracowanie materia\u0142u: Celina Krysi\u0144ska<\/span><\/em><\/p>\n<p lang=\"zxx\"><img loading=\"lazy\" decoding=\"async\" class=\"aligncenter wp-image-15102\" src=\"https:\/\/sp22.pl\/nowa\/wp-content\/uploads\/2026\/07\/foto_1-1024x724.png\" alt=\"projekt jednej ze stron zak\u0142adki do ksi\u0105\u017cki przygotowanej przez uczestnik\u00f3w Ko\u0142a Samorz\u0105du Ucznjowskiego dla wszystkich pracownik\u00f3w szko\u0142y- w\u015br\u00f3d jesiennch li\u015bci umieszczony jest papirus z \u017cyczeniami i s\u0142owami uznania\" width=\"724\" height=\"512\" srcset=\"https:\/\/sp22.pl\/nowa\/wp-content\/uploads\/2026\/07\/foto_1-1024x724.png 1024w, https:\/\/sp22.pl\/nowa\/wp-content\/uploads\/2026\/07\/foto_1-300x212.png 300w, https:\/\/sp22.pl\/nowa\/wp-content\/uploads\/2026\/07\/foto_1-768x543.png 768w, https:\/\/sp22.pl\/nowa\/wp-content\/uploads\/2026\/07\/foto_1-1536x1086.png 1536w, https:\/\/sp22.pl\/nowa\/wp-content\/uploads\/2026\/07\/foto_1.png 2000w\" sizes=\"auto, (max-width: 724px) 100vw, 724px\" \/> <img loading=\"lazy\" decoding=\"async\" class=\"aligncenter wp-image-15103\" src=\"https:\/\/sp22.pl\/nowa\/wp-content\/uploads\/2026\/07\/foto_2-1024x724.png\" alt=\"projekt drugiej strony zak\u0142adki do ksi\u0105\u017cki przygotowanej przez uczestnik\u00f3w Ko\u0142a Samorz\u0105du Ucznjowskiego dla wszystkich pracownik\u00f3w szko\u0142y- w\u015br\u00f3d jesiennch li\u015bci umieszczony jest du\u017cy czerwony li\u015b\u0107 klonu wraz z czarnym napisem: &quot;Dzie\u0144 Edukacji Narodowej 14 pa\u017adziernika 2025&quot;\" width=\"723\" height=\"511\" srcset=\"https:\/\/sp22.pl\/nowa\/wp-content\/uploads\/2026\/07\/foto_2-1024x724.png 1024w, https:\/\/sp22.pl\/nowa\/wp-content\/uploads\/2026\/07\/foto_2-300x212.png 300w, https:\/\/sp22.pl\/nowa\/wp-content\/uploads\/2026\/07\/foto_2-768x543.png 768w, https:\/\/sp22.pl\/nowa\/wp-content\/uploads\/2026\/07\/foto_2-1536x1086.png 1536w, https:\/\/sp22.pl\/nowa\/wp-content\/uploads\/2026\/07\/foto_2.png 2000w\" sizes=\"auto, (max-width: 723px) 100vw, 723px\" \/><\/p>\n","protected":false},"excerpt":{"rendered":"<p>&#46;&#46;&#46;<\/p>\n","protected":false},"author":8,"featured_media":15106,"comment_status":"open","ping_status":"open","sticky":false,"template":"","format":"standard","meta":{"ngg_post_thumbnail":0,"footnotes":""},"categories":[1],"tags":[],"class_list":["post-15101","post","type-post","status-publish","format-standard","has-post-thumbnail","hentry","category-wiadomosci"],"_links":{"self":[{"href":"https:\/\/sp22.pl\/nowa\/index.php\/wp-json\/wp\/v2\/posts\/15101","targetHints":{"allow":["GET"]}}],"collection":[{"href":"https:\/\/sp22.pl\/nowa\/index.php\/wp-json\/wp\/v2\/posts"}],"about":[{"href":"https:\/\/sp22.pl\/nowa\/index.php\/wp-json\/wp\/v2\/types\/post"}],"author":[{"embeddable":true,"href":"https:\/\/sp22.pl\/nowa\/index.php\/wp-json\/wp\/v2\/users\/8"}],"replies":[{"embeddable":true,"href":"https:\/\/sp22.pl\/nowa\/index.php\/wp-json\/wp\/v2\/comments?post=15101"}],"version-history":[{"count":2,"href":"https:\/\/sp22.pl\/nowa\/index.php\/wp-json\/wp\/v2\/posts\/15101\/revisions"}],"predecessor-version":[{"id":15105,"href":"https:\/\/sp22.pl\/nowa\/index.php\/wp-json\/wp\/v2\/posts\/15101\/revisions\/15105"}],"wp:featuredmedia":[{"embeddable":true,"href":"https:\/\/sp22.pl\/nowa\/index.php\/wp-json\/wp\/v2\/media\/15106"}],"wp:attachment":[{"href":"https:\/\/sp22.pl\/nowa\/index.php\/wp-json\/wp\/v2\/media?parent=15101"}],"wp:term":[{"taxonomy":"category","embeddable":true,"href":"https:\/\/sp22.pl\/nowa\/index.php\/wp-json\/wp\/v2\/categories?post=15101"},{"taxonomy":"post_tag","embeddable":true,"href":"https:\/\/sp22.pl\/nowa\/index.php\/wp-json\/wp\/v2\/tags?post=15101"}],"curies":[{"name":"wp","href":"https:\/\/api.w.org\/{rel}","templated":true}]}}