{"id":15088,"date":"2026-06-24T22:00:23","date_gmt":"2026-06-24T20:00:23","guid":{"rendered":"https:\/\/sp22.pl\/nowa\/?p=15088"},"modified":"2026-07-01T22:05:09","modified_gmt":"2026-07-01T20:05:09","slug":"integracyjne-spotkanie-czlonkow-samorzadu-uczniowskiego-podsumowujace-rok-szkolny-2025-2026","status":"publish","type":"post","link":"https:\/\/sp22.pl\/nowa\/index.php\/2026\/06\/24\/integracyjne-spotkanie-czlonkow-samorzadu-uczniowskiego-podsumowujace-rok-szkolny-2025-2026\/","title":{"rendered":"Integracyjne spotkanie cz\u0142onk\u00f3w Samorz\u0105du Uczniowskiego podsumowuj\u0105ce rok szkolny 2025\/2026"},"content":{"rendered":"<p lang=\"zxx\"><span style=\"font-family: Arial, sans-serif; color: #000000;\">Na zako\u0144czenie roku szkolnego 2025\/2026 cz\u0142onkowie Samorz\u0105du Uczniowskiego uczestniczyli w integracyjnym spotkaniu podsumowuj\u0105cym dzia\u0142ania podejmowane w minionych miesi\u0105cach. Spotkanie odby\u0142o si\u0119 w restauracji, gdzie wsp\u00f3lnie sp\u0119dzili\u015bmy mi\u0142o czas przy smacznej pizzy, a nast\u0119pnie delektowali\u015bmy si\u0119 pysznymi lodami.<\/span><\/p>\n<p lang=\"zxx\"><span style=\"font-family: Arial, sans-serif; color: #000000;\">Wydarzenie zosta\u0142o sfinansowane ze \u015brodk\u00f3w zebranych podczas zabawy andrzejkowej, zorganizowanej we wsp\u00f3\u0142pracy z Rad\u0105 Rodzic\u00f3w Szko\u0142y Podstawowej nr 22. Serdecznie dzi\u0119kujemy wszystkim osobom zaanga\u017cowanym w organizacj\u0119 tego przedsi\u0119wzi\u0119cia oraz uczestnikom zabawy, dzi\u0119ki kt\u00f3rym mo\u017cliwe by\u0142o przygotowanie tego wyj\u0105tkowego spotkania.<\/span><\/p>\n<p lang=\"zxx\"><span style=\"font-family: Arial, sans-serif; color: #000000;\">Podczas spotkania opiekunowie Samorz\u0105du Uczniowskiego wr\u0119czyli uczestnikom pami\u0105tkowe dyplomy, dzi\u0119kuj\u0105c za ich aktywno\u015b\u0107, zaanga\u017cowanie oraz wk\u0142ad w \u017cycie szko\u0142y.<\/span><\/p>\n<p lang=\"zxx\"><span style=\"font-family: Arial, sans-serif; color: #000000;\">Przyjemna i serdeczna atmosfera stworzy\u0142a doskona\u0142e warunki do wspomnie\u0144, podsumowa\u0144 oraz rozm\u00f3w o wsp\u00f3lnie realizowanych inicjatywach. Dzia\u0142ania Samorz\u0105du Uczniowskiego maj\u0105 na celu reprezentowanie interes\u00f3w uczni\u00f3w, rozwijanie postaw obywatelskich i spo\u0142ecznych, kszta\u0142towanie odpowiedzialno\u015bci, wsp\u00f3\u0142pracy oraz aktywnego uczestnictwa w \u017cyciu szko\u0142y. Dzi\u0119ki zaanga\u017cowaniu cz\u0142onk\u00f3w Samorz\u0105du uda\u0142o si\u0119 zrealizowa\u0107 wiele ciekawych przedsi\u0119wzi\u0119\u0107 integruj\u0105cych spo\u0142eczno\u015b\u0107 szkoln\u0105 i wzbogacaj\u0105cych codzienne \u017cycie uczni\u00f3w.<\/span><\/p>\n<p lang=\"zxx\"><span style=\"font-family: Arial, sans-serif; color: #000000;\">Dzi\u0119kujemy wszystkim cz\u0142onkom Samorz\u0105du Uczniowskiego za ich prac\u0119 i zaanga\u017cowanie w roku szkolnym 2025\/2026. \u017byczymy udanych wakacji oraz wielu sukces\u00f3w w kolejnym roku szkolnym!<\/span><\/p>\n<p lang=\"zxx\"><span style=\"color: #000000;\"><em>Opracowanie materia\u0142u: Celina Krysi\u0144ska<\/em><\/span><\/p>\nngg_shortcode_0_placeholder\n<p lang=\"zxx\">&nbsp;<\/p>\n","protected":false},"excerpt":{"rendered":"<p>&#46;&#46;&#46;<\/p>\n","protected":false},"author":8,"featured_media":15089,"comment_status":"open","ping_status":"open","sticky":false,"template":"","format":"standard","meta":{"ngg_post_thumbnail":0,"footnotes":""},"categories":[1],"tags":[],"class_list":["post-15088","post","type-post","status-publish","format-standard","has-post-thumbnail","hentry","category-wiadomosci"],"_links":{"self":[{"href":"https:\/\/sp22.pl\/nowa\/index.php\/wp-json\/wp\/v2\/posts\/15088","targetHints":{"allow":["GET"]}}],"collection":[{"href":"https:\/\/sp22.pl\/nowa\/index.php\/wp-json\/wp\/v2\/posts"}],"about":[{"href":"https:\/\/sp22.pl\/nowa\/index.php\/wp-json\/wp\/v2\/types\/post"}],"author":[{"embeddable":true,"href":"https:\/\/sp22.pl\/nowa\/index.php\/wp-json\/wp\/v2\/users\/8"}],"replies":[{"embeddable":true,"href":"https:\/\/sp22.pl\/nowa\/index.php\/wp-json\/wp\/v2\/comments?post=15088"}],"version-history":[{"count":2,"href":"https:\/\/sp22.pl\/nowa\/index.php\/wp-json\/wp\/v2\/posts\/15088\/revisions"}],"predecessor-version":[{"id":15100,"href":"https:\/\/sp22.pl\/nowa\/index.php\/wp-json\/wp\/v2\/posts\/15088\/revisions\/15100"}],"wp:featuredmedia":[{"embeddable":true,"href":"https:\/\/sp22.pl\/nowa\/index.php\/wp-json\/wp\/v2\/media\/15089"}],"wp:attachment":[{"href":"https:\/\/sp22.pl\/nowa\/index.php\/wp-json\/wp\/v2\/media?parent=15088"}],"wp:term":[{"taxonomy":"category","embeddable":true,"href":"https:\/\/sp22.pl\/nowa\/index.php\/wp-json\/wp\/v2\/categories?post=15088"},{"taxonomy":"post_tag","embeddable":true,"href":"https:\/\/sp22.pl\/nowa\/index.php\/wp-json\/wp\/v2\/tags?post=15088"}],"curies":[{"name":"wp","href":"https:\/\/api.w.org\/{rel}","templated":true}]}}