{"id":15071,"date":"2026-06-24T21:52:51","date_gmt":"2026-06-24T19:52:51","guid":{"rendered":"https:\/\/sp22.pl\/nowa\/?p=15071"},"modified":"2026-07-01T21:58:21","modified_gmt":"2026-07-01T19:58:21","slug":"miedzypokoleniowe-warsztaty-w-klubie-seniora-aktywni-razem","status":"publish","type":"post","link":"https:\/\/sp22.pl\/nowa\/index.php\/2026\/06\/24\/miedzypokoleniowe-warsztaty-w-klubie-seniora-aktywni-razem\/","title":{"rendered":"Mi\u0119dzypokoleniowe Warsztaty w Klubie Seniora \u201eAktywni Razem\u201d"},"content":{"rendered":"<p lang=\"zxx\"><span style=\"font-family: Arial, sans-serif; color: #000000;\"><span style=\"font-size: medium;\">Klub Seniora \u201eAktywni Razem\u201d na Podolszycach Po\u0142udnie dzia\u0142a od kwietnia 2026 roku. <\/span><\/span><\/p>\n<p lang=\"zxx\"><span style=\"font-family: Arial, sans-serif; color: #000000;\"><span style=\"font-size: medium;\">W Klubie realizowanych jest wiele r\u00f3\u017cnorodnych inicjatyw aktywizuj\u0105cych senior\u00f3w. Szczeg\u00f3lnie interesuj\u0105c\u0105 form\u0105 zaj\u0119\u0107 s\u0105 warsztaty mi\u0119dzypokoleniowe organizowane we wsp\u00f3\u0142pracy ze Szko\u0142\u0105 Podstawow\u0105 nr 22 w P\u0142ocku. W spotkaniach uczestnicz\u0105 seniorzy oraz przedstawiciele Samorz\u0105du Uczniowskiego, co stwarza doskona\u0142\u0105 okazj\u0119 do integracji, wymiany do\u015bwiadcze\u0144 i budowania wzajemnych relacji.<\/span><\/span><\/p>\n<p lang=\"zxx\"><span style=\"font-family: Arial, sans-serif; color: #000000;\"><span style=\"font-size: medium;\">W ramach projektu realizowane s\u0105:<\/span><\/span><\/p>\n<ul>\n<li>\n<p lang=\"zxx\"><span style=\"color: #000000;\"><span style=\"font-family: Arial, sans-serif;\"><span style=\"font-size: medium;\">Mi\u0119dzypokoleniowe warsztaty teatralne<\/span><\/span><span style=\"font-family: Arial, sans-serif;\"><span style=\"font-size: medium;\"> prowadzone przez Henryka J\u00f3\u017awiaka \u2013 aktora i re\u017cysera Teatru Dramatycznego,<\/span><\/span><\/span><\/p>\n<\/li>\n<li>\n<p lang=\"zxx\"><span style=\"color: #000000;\"><span style=\"font-family: Arial, sans-serif;\"><span style=\"font-size: medium;\">Mi\u0119dzypokoleniowe warsztaty plastyczne<\/span><\/span><span style=\"font-family: Arial, sans-serif;\"><span style=\"font-size: medium;\"> prowadzone przez Ann\u0119 Brzezi\u0144sk\u0105 \u2013 kierowniczk\u0119 Filii nr 6 Ksi\u0105\u017cnicy P\u0142ockiej,<\/span><\/span><\/span><\/p>\n<\/li>\n<li>\n<p lang=\"zxx\"><span style=\"color: #000000;\"><span style=\"font-family: Arial, sans-serif;\"><span style=\"font-size: medium;\">Mi\u0119dzypokoleniowe warsztaty fotograficzne<\/span><\/span><span style=\"font-family: Arial, sans-serif;\"><span style=\"font-size: medium;\"> prowadzone przez Zuzann\u0119 Perkowsk\u0105 z P\u0142ockiego O\u015brodka Kultury i Sztuki.<\/span><\/span><\/span><\/p>\n<\/li>\n<\/ul>\n<p lang=\"zxx\"><span style=\"font-family: Arial, sans-serif; color: #000000;\"><span style=\"font-size: medium;\">Dotychczas odby\u0142y si\u0119 trzy spotkania w siedzibie Klubu Seniora: 18 maja oraz 12 i 19 czerwca. Ka\u017cde z nich by\u0142o wyj\u0105tkowym do\u015bwiadczeniem zar\u00f3wno dla senior\u00f3w, jak i m\u0142odzie\u017cy.<\/span><\/span><\/p>\n<p lang=\"zxx\"><span style=\"font-family: Arial, sans-serif; color: #000000;\"><span style=\"font-size: medium;\">Podczas pierwszych warsztat\u00f3w teatralnych uczestnicy, pracuj\u0105c z wybranymi utworami poetyckimi, rozwijali umiej\u0119tno\u015b\u0107 wyra\u017cania emocji ukrytych w tek\u015bcie oraz interpretowania jego kontekstu. By\u0142a to doskona\u0142a okazja do \u0107wiczenia ekspresji i tw\u00f3rczej wsp\u00f3\u0142pracy.<\/span><\/span><\/p>\n<p lang=\"zxx\"><span style=\"font-family: Arial, sans-serif; color: #000000;\"><span style=\"font-size: medium;\">Drugie spotkanie mia\u0142o charakter plastyczny. Uczestnicy samodzielnie wykonali efektowne \u0142apacze promieni s\u0142onecznych, rozwijaj\u0105c swoj\u0105 kreatywno\u015b\u0107 oraz zdolno\u015bci manualne.<\/span><\/span><\/p>\n<p lang=\"zxx\"><span style=\"font-family: Arial, sans-serif; color: #000000;\"><span style=\"font-size: medium;\">Trzecie warsztaty odby\u0142y si\u0119 w plenerze. Pod okiem instruktorki uczestnicy poznawali zasady fotografii mobilnej, ucz\u0105c si\u0119, jak za pomoc\u0105 zdj\u0119\u0107 opowiada\u0107 historie i przekazywa\u0107 emocje.<\/span><\/span><\/p>\n<p lang=\"zxx\"><span style=\"font-family: Arial, sans-serif; color: #000000;\"><span style=\"font-size: medium;\">Wszystkim spotkaniom towarzyszy\u0142a serdeczna atmosfera. M\u0142odzie\u017c i seniorzy bardzo dobrze si\u0119 integrowali, wsp\u00f3lnie odkrywaj\u0105c nowe pasje i umiej\u0119tno\u015bci. Warsztaty pokaza\u0142y, \u017ce wsp\u00f3\u0142praca mi\u0119dzypokoleniowa przynosi wiele korzy\u015bci, inspiruje do dzia\u0142ania i buduje trwa\u0142e wi\u0119zi.<\/span><\/span><\/p>\n<p lang=\"zxx\"><span style=\"font-family: Arial, sans-serif; color: #000000;\"><span style=\"font-size: medium;\">Z uwagi na du\u017ce zainteresowanie oraz pozytywny odbi\u00f3r uczestnik\u00f3w, wszystkie warsztaty b\u0119d\u0105 kontynuowane od wrze\u015bnia.<\/span><\/span><\/p>\n<p lang=\"zxx\"><em><span style=\"color: #000000;\">Opracowanie materia\u0142u: Celina Krysi\u0144ska<\/span><\/em><\/p>\nngg_shortcode_0_placeholder\n","protected":false},"excerpt":{"rendered":"<p>&#46;&#46;&#46;<\/p>\n","protected":false},"author":8,"featured_media":15073,"comment_status":"open","ping_status":"open","sticky":false,"template":"","format":"standard","meta":{"ngg_post_thumbnail":0,"footnotes":""},"categories":[1],"tags":[],"class_list":["post-15071","post","type-post","status-publish","format-standard","has-post-thumbnail","hentry","category-wiadomosci"],"_links":{"self":[{"href":"https:\/\/sp22.pl\/nowa\/index.php\/wp-json\/wp\/v2\/posts\/15071","targetHints":{"allow":["GET"]}}],"collection":[{"href":"https:\/\/sp22.pl\/nowa\/index.php\/wp-json\/wp\/v2\/posts"}],"about":[{"href":"https:\/\/sp22.pl\/nowa\/index.php\/wp-json\/wp\/v2\/types\/post"}],"author":[{"embeddable":true,"href":"https:\/\/sp22.pl\/nowa\/index.php\/wp-json\/wp\/v2\/users\/8"}],"replies":[{"embeddable":true,"href":"https:\/\/sp22.pl\/nowa\/index.php\/wp-json\/wp\/v2\/comments?post=15071"}],"version-history":[{"count":2,"href":"https:\/\/sp22.pl\/nowa\/index.php\/wp-json\/wp\/v2\/posts\/15071\/revisions"}],"predecessor-version":[{"id":15087,"href":"https:\/\/sp22.pl\/nowa\/index.php\/wp-json\/wp\/v2\/posts\/15071\/revisions\/15087"}],"wp:featuredmedia":[{"embeddable":true,"href":"https:\/\/sp22.pl\/nowa\/index.php\/wp-json\/wp\/v2\/media\/15073"}],"wp:attachment":[{"href":"https:\/\/sp22.pl\/nowa\/index.php\/wp-json\/wp\/v2\/media?parent=15071"}],"wp:term":[{"taxonomy":"category","embeddable":true,"href":"https:\/\/sp22.pl\/nowa\/index.php\/wp-json\/wp\/v2\/categories?post=15071"},{"taxonomy":"post_tag","embeddable":true,"href":"https:\/\/sp22.pl\/nowa\/index.php\/wp-json\/wp\/v2\/tags?post=15071"}],"curies":[{"name":"wp","href":"https:\/\/api.w.org\/{rel}","templated":true}]}}