{"id":15015,"date":"2026-06-20T19:35:48","date_gmt":"2026-06-20T17:35:48","guid":{"rendered":"https:\/\/sp22.pl\/nowa\/?p=15015"},"modified":"2026-06-23T19:37:41","modified_gmt":"2026-06-23T17:37:41","slug":"kuchnie-swiata-dzien-polski-3","status":"publish","type":"post","link":"https:\/\/sp22.pl\/nowa\/index.php\/2026\/06\/20\/kuchnie-swiata-dzien-polski-3\/","title":{"rendered":"Kuchnie \u015bwiata \u2013 dzie\u0144 polski"},"content":{"rendered":"<p align=\"left\"><span style=\"color: #000000;\"><span style=\"font-family: Arial, sans-serif;\"><span style=\"font-size: medium;\">Czerwiec by\u0142 miesi\u0105cem, w kt\u00f3rym po raz ostatni w tym roku szkolnym spotkali\u015bmy si\u0119 w ramach cyklu <\/span><\/span><\/span><span style=\"color: #000000;\"><span style=\"font-family: Arial, sans-serif;\"><span style=\"font-size: medium;\">\u201eKuchnie \u015bwiata\u201d<\/span><\/span><\/span><span style=\"color: #000000;\"><span style=\"font-family: Arial, sans-serif;\"><span style=\"font-size: medium;\">. Zwie\u0144czeniem naszych kulinarnych podr\u00f3\u017cy by\u0142 <\/span><\/span><\/span><span style=\"color: #000000;\"><span style=\"font-family: Arial, sans-serif;\"><span style=\"font-size: medium;\">Dzie\u0144 Polski<\/span><\/span><\/span><span style=\"color: #000000;\"><span style=\"font-family: Arial, sans-serif;\"><span style=\"font-size: medium;\">, podczas kt\u00f3rego po raz drugi mieli\u015bmy okazj\u0119 odkrywa\u0107<br \/>\ni przypomina\u0107 sobie smaki rodzimej kuchni.<\/span><\/span><\/span><\/p>\n<p align=\"left\"><span style=\"color: #000000;\"><span style=\"font-family: Arial, sans-serif;\"><span style=\"font-size: medium;\">Kuchnia polska od pokole\u0144 zachwyca swoj\u0105 r\u00f3\u017cnorodno\u015bci\u0105, bogactwem tradycji oraz wykorzystaniem lokalnych sk\u0142adnik\u00f3w. To w\u0142a\u015bnie dzi\u0119ki niej mo\u017cemy poznawa\u0107 histori\u0119, kultur\u0119 i zwyczaje r\u00f3\u017cnych region\u00f3w naszego kraju.<br \/>\nTym razem szkolna sto\u0142\u00f3wka przygotowa\u0142a menu nawi\u0105zuj\u0105ce do klasycznych, domowych obiad\u00f3w.<\/span><\/span><\/span><\/p>\n<p align=\"left\"><span style=\"color: #000000;\"><span style=\"font-family: Arial, sans-serif;\"><span style=\"font-size: medium;\">Na pierwsze danie podano aromatyczny <\/span><\/span><\/span><span style=\"color: #000000;\"><span style=\"font-family: Arial, sans-serif;\"><span style=\"font-size: medium;\">barszcz czerwony<\/span><\/span><\/span><span style=\"color: #000000;\"><span style=\"font-family: Arial, sans-serif;\"><span style=\"font-size: medium;\">, kt\u00f3rego intensywny kolor i delikatny smak burak\u00f3w doskonale wpisa\u0142y si\u0119 w charakter tradycyjnej polskiej kuchni. Daniem g\u0142\u00f3wnym by\u0142a <\/span><\/span><\/span><span style=\"color: #000000;\"><span style=\"font-family: Arial, sans-serif;\"><span style=\"font-size: medium;\">piecze\u0144 w sosie z kasz\u0105<\/span><\/span><\/span><span style=\"color: #000000;\"><span style=\"font-family: Arial, sans-serif;\"><span style=\"font-size: medium;\">, a tak\u017ce <\/span><\/span><\/span><span style=\"color: #000000;\"><span style=\"font-family: Arial, sans-serif;\"><span style=\"font-size: medium;\">\u0142azanki<br \/>\nz kapust\u0105 i mi\u0119sem<\/span><\/span><\/span><span style=\"color: #000000;\"><span style=\"font-family: Arial, sans-serif;\"><span style=\"font-size: medium;\"> \u2013 potrawa od lat obecna na polskich sto\u0142ach, ceniona za sw\u00f3j wyj\u0105tkowy smak i syc\u0105cy charakter.<br \/>\nDo obiadu serwowano r\u00f3wnie\u017c <\/span><\/span><\/span><span style=\"color: #000000;\"><span style=\"font-family: Arial, sans-serif;\"><span style=\"font-size: medium;\">wod\u0119 z cytryn\u0105<\/span><\/span><\/span><span style=\"color: #000000;\"><span style=\"font-family: Arial, sans-serif;\"><span style=\"font-size: medium;\">, a zdrowym uzupe\u0142nieniem posi\u0142ku by\u0142o <\/span><\/span><\/span><span style=\"color: #000000;\"><span style=\"font-family: Arial, sans-serif;\"><span style=\"font-size: medium;\">jab\u0142ko<\/span><\/span><\/span><span style=\"color: #000000;\"><span style=\"font-family: Arial, sans-serif;\"><span style=\"font-size: medium;\">, jeden z najbardziej rozpoznawalnych polskich owoc\u00f3w.<\/span><\/span><\/span><\/p>\n<p align=\"left\"><span style=\"color: #000000;\"><span style=\"font-family: Arial, sans-serif;\"><span style=\"font-size: medium;\">Ostatnia ods\u0142ona tegorocznego cyklu \u201eKuchnie \u015bwiata\u201d by\u0142a doskona\u0142\u0105 okazj\u0105 do podsumowania kulinarnej podr\u00f3\u017cy przez r\u00f3\u017cne kraje i kultury. Cho\u0107 odwiedzali\u015bmy wiele zak\u0105tk\u00f3w \u015bwiata, zako\u0144czyli\u015bmy j\u0105 smakami, kt\u00f3re s\u0105 nam najbli\u017csze. Dzi\u0119kujemy wszystkim uczestnikom za wsp\u00f3lne odkrywanie nowych potraw i tradycji kulinarnych.<br \/>\nJu\u017c dzi\u015b z niecierpliwo\u015bci\u0105 czekamy na kolejne spotkania z kuchniami \u015bwiata w przysz\u0142ym roku szkolnym.<\/span><\/span><\/span><\/p>\n<p align=\"left\"><em><span style=\"color: #000000;\"><span style=\"font-family: Arial, sans-serif;\"><span style=\"font-size: medium;\"><i>Opracowanie materia\u0142u: Marta Olkuska<\/i><\/span><\/span><\/span><\/em><\/p>\n<p align=\"left\"><img loading=\"lazy\" decoding=\"async\" class=\"alignnone size-full wp-image-15016\" src=\"https:\/\/sp22.pl\/nowa\/wp-content\/uploads\/2026\/06\/01_kuchnie_swiata_dzien_polski_2025_2026.jpg\" alt=\"Tablica informacyjna \u201eKuchnie \u015bwiata \u2013 Dzie\u0144 Polski\u201d w bia\u0142o-czerwonych barwach, ozdobiona zdj\u0119ciami tradycyjnych polskich potraw oraz ilustracjami warzyw i bia\u0142o-czerwonych proporczyk\u00f3w.\" width=\"893\" height=\"768\" srcset=\"https:\/\/sp22.pl\/nowa\/wp-content\/uploads\/2026\/06\/01_kuchnie_swiata_dzien_polski_2025_2026.jpg 893w, https:\/\/sp22.pl\/nowa\/wp-content\/uploads\/2026\/06\/01_kuchnie_swiata_dzien_polski_2025_2026-300x258.jpg 300w, https:\/\/sp22.pl\/nowa\/wp-content\/uploads\/2026\/06\/01_kuchnie_swiata_dzien_polski_2025_2026-768x660.jpg 768w\" sizes=\"auto, (max-width: 893px) 100vw, 893px\" \/> <img loading=\"lazy\" decoding=\"async\" class=\"alignnone size-full wp-image-15017\" src=\"https:\/\/sp22.pl\/nowa\/wp-content\/uploads\/2026\/06\/02_kuchnie_swiata_dzien_polski_2025_2026.jpg\" alt=\"Na stole znajduje si\u0119 tradycyjny polski obiad. W g\u0142\u0119bokim talerzu podano barszcz czerwony z dodatkiem koperku. Obok ustawiono talerz z pieczeni\u0105 w sosie i kasz\u0105 oraz porcj\u0119 \u0142azanek. Posi\u0142ek uzupe\u0142niaj\u0105 czerwone jab\u0142ko, szklanka wody z plasterkiem cytryny.\" width=\"1024\" height=\"683\" srcset=\"https:\/\/sp22.pl\/nowa\/wp-content\/uploads\/2026\/06\/02_kuchnie_swiata_dzien_polski_2025_2026.jpg 1024w, https:\/\/sp22.pl\/nowa\/wp-content\/uploads\/2026\/06\/02_kuchnie_swiata_dzien_polski_2025_2026-300x200.jpg 300w, https:\/\/sp22.pl\/nowa\/wp-content\/uploads\/2026\/06\/02_kuchnie_swiata_dzien_polski_2025_2026-768x512.jpg 768w\" sizes=\"auto, (max-width: 1024px) 100vw, 1024px\" \/><\/p>\n","protected":false},"excerpt":{"rendered":"<p>&#46;&#46;&#46;<\/p>\n","protected":false},"author":9,"featured_media":15018,"comment_status":"open","ping_status":"open","sticky":false,"template":"","format":"standard","meta":{"ngg_post_thumbnail":0,"footnotes":""},"categories":[1],"tags":[],"class_list":["post-15015","post","type-post","status-publish","format-standard","has-post-thumbnail","hentry","category-wiadomosci"],"_links":{"self":[{"href":"https:\/\/sp22.pl\/nowa\/index.php\/wp-json\/wp\/v2\/posts\/15015","targetHints":{"allow":["GET"]}}],"collection":[{"href":"https:\/\/sp22.pl\/nowa\/index.php\/wp-json\/wp\/v2\/posts"}],"about":[{"href":"https:\/\/sp22.pl\/nowa\/index.php\/wp-json\/wp\/v2\/types\/post"}],"author":[{"embeddable":true,"href":"https:\/\/sp22.pl\/nowa\/index.php\/wp-json\/wp\/v2\/users\/9"}],"replies":[{"embeddable":true,"href":"https:\/\/sp22.pl\/nowa\/index.php\/wp-json\/wp\/v2\/comments?post=15015"}],"version-history":[{"count":4,"href":"https:\/\/sp22.pl\/nowa\/index.php\/wp-json\/wp\/v2\/posts\/15015\/revisions"}],"predecessor-version":[{"id":15022,"href":"https:\/\/sp22.pl\/nowa\/index.php\/wp-json\/wp\/v2\/posts\/15015\/revisions\/15022"}],"wp:featuredmedia":[{"embeddable":true,"href":"https:\/\/sp22.pl\/nowa\/index.php\/wp-json\/wp\/v2\/media\/15018"}],"wp:attachment":[{"href":"https:\/\/sp22.pl\/nowa\/index.php\/wp-json\/wp\/v2\/media?parent=15015"}],"wp:term":[{"taxonomy":"category","embeddable":true,"href":"https:\/\/sp22.pl\/nowa\/index.php\/wp-json\/wp\/v2\/categories?post=15015"},{"taxonomy":"post_tag","embeddable":true,"href":"https:\/\/sp22.pl\/nowa\/index.php\/wp-json\/wp\/v2\/tags?post=15015"}],"curies":[{"name":"wp","href":"https:\/\/api.w.org\/{rel}","templated":true}]}}