{"id":15005,"date":"2026-06-23T10:00:20","date_gmt":"2026-06-23T08:00:20","guid":{"rendered":"https:\/\/sp22.pl\/nowa\/?p=15005"},"modified":"2026-06-23T13:03:38","modified_gmt":"2026-06-23T11:03:38","slug":"xix-miedzyszkolny-konkurs-multimedialny-moja-supermoc","status":"publish","type":"post","link":"https:\/\/sp22.pl\/nowa\/index.php\/2026\/06\/23\/xix-miedzyszkolny-konkurs-multimedialny-moja-supermoc\/","title":{"rendered":"XIX Mi\u0119dzyszkolny Konkurs Multimedialny \u201eMoja Supermoc\u201d"},"content":{"rendered":"<p><span style=\"font-family: Arial, sans-serif; color: #000000;\">Z przyjemno\u015bci\u0105 informujemy o rozstrzygni\u0119ciu XIX edycji Mi\u0119dzyszkolnego Konkursu Multimedialnego pod has\u0142em \u201eMoja Supermoc\u201d.<\/span><\/p>\n<p><span style=\"color: #000000;\">Laureatami konkursu zostali:<\/span><\/p>\n<p><span style=\"color: #000000;\">Stanis\u0142aw Szuniewicz \u2013 Szko\u0142a Podstawowa nr 6 im. Druha Wac\u0142awa Milke w P\u0142ocku<\/span><br \/>\n<span style=\"color: #000000;\">Marcel Kowalewski \u2013 Cogito Niepubliczna Szko\u0142a Podstawowa w P\u0142ocku<\/span><br \/>\n<span style=\"color: #000000;\">Jakub Sa\u017ca\u0142a \u2013 Szko\u0142a Podstawowa im. Jana Paw\u0142a II w Starej Bia\u0142ej<\/span><br \/>\n<span style=\"color: #000000;\">Micha\u0142 J\u00f3\u017awiak \u2013 Szko\u0142a Podstawowa z Oddzia\u0142ami Integracyjnymi nr 22 im. Janusza Korczaka w P\u0142ocku<\/span><\/p>\n<p><span style=\"color: #000000;\">Uroczystego wr\u0119czenia nagr\u00f3d dokona\u0142a Pani Dyrektor Marlena B\u0142achowicz, gratuluj\u0105c laureatom oraz \u017cycz\u0105c im dalszych sukces\u00f3w w rozwijaniu swoich talent\u00f3w i pasji.<\/span><\/p>\n<p><span style=\"color: #000000;\">Nagrody dla laureat\u00f3w ufundowa\u0142a Rada Rodzic\u00f3w Szko\u0142y Podstawowej nr 22. Sk\u0142adamy szczeg\u00f3lne podzi\u0119kowania Przewodnicz\u0105cemu Rady Rodzic\u00f3w, Przemys\u0142awowi Zieli\u0144skiemu, za wsparcie konkursu i zaanga\u017cowanie w rozwijanie zainteresowa\u0144 Uczni\u00f3w.<\/span><\/p>\n<p><span style=\"color: #000000;\">Laureatom serdecznie gratulujemy, a wszystkim Uczestnikom dzi\u0119kujemy za zaanga\u017cowanie, kreatywno\u015b\u0107 i wysoki poziom przygotowanych prac i ju\u017c dzi\u015b zapraszamy do kolejnej edycji konkursu!<\/span><\/p>\n<p><span style=\"color: #000000;\"><em>Koordynator konkursu: Cezary Pi\u00f3rkowski<\/em><\/span><\/p>\n<p><span style=\"color: #000000;\"><em>Opracowanie materia\u0142u: Beata Michalak<\/em><\/span><\/p>\nngg_shortcode_0_placeholder\n","protected":false},"excerpt":{"rendered":"<p>&#46;&#46;&#46;<\/p>\n","protected":false},"author":8,"featured_media":15006,"comment_status":"open","ping_status":"open","sticky":false,"template":"","format":"standard","meta":{"ngg_post_thumbnail":0,"footnotes":""},"categories":[1],"tags":[],"class_list":["post-15005","post","type-post","status-publish","format-standard","has-post-thumbnail","hentry","category-wiadomosci"],"_links":{"self":[{"href":"https:\/\/sp22.pl\/nowa\/index.php\/wp-json\/wp\/v2\/posts\/15005","targetHints":{"allow":["GET"]}}],"collection":[{"href":"https:\/\/sp22.pl\/nowa\/index.php\/wp-json\/wp\/v2\/posts"}],"about":[{"href":"https:\/\/sp22.pl\/nowa\/index.php\/wp-json\/wp\/v2\/types\/post"}],"author":[{"embeddable":true,"href":"https:\/\/sp22.pl\/nowa\/index.php\/wp-json\/wp\/v2\/users\/8"}],"replies":[{"embeddable":true,"href":"https:\/\/sp22.pl\/nowa\/index.php\/wp-json\/wp\/v2\/comments?post=15005"}],"version-history":[{"count":5,"href":"https:\/\/sp22.pl\/nowa\/index.php\/wp-json\/wp\/v2\/posts\/15005\/revisions"}],"predecessor-version":[{"id":15011,"href":"https:\/\/sp22.pl\/nowa\/index.php\/wp-json\/wp\/v2\/posts\/15005\/revisions\/15011"}],"wp:featuredmedia":[{"embeddable":true,"href":"https:\/\/sp22.pl\/nowa\/index.php\/wp-json\/wp\/v2\/media\/15006"}],"wp:attachment":[{"href":"https:\/\/sp22.pl\/nowa\/index.php\/wp-json\/wp\/v2\/media?parent=15005"}],"wp:term":[{"taxonomy":"category","embeddable":true,"href":"https:\/\/sp22.pl\/nowa\/index.php\/wp-json\/wp\/v2\/categories?post=15005"},{"taxonomy":"post_tag","embeddable":true,"href":"https:\/\/sp22.pl\/nowa\/index.php\/wp-json\/wp\/v2\/tags?post=15005"}],"curies":[{"name":"wp","href":"https:\/\/api.w.org\/{rel}","templated":true}]}}