{"id":14861,"date":"2026-06-05T18:56:55","date_gmt":"2026-06-05T16:56:55","guid":{"rendered":"https:\/\/sp22.pl\/nowa\/?p=14861"},"modified":"2026-06-12T19:39:41","modified_gmt":"2026-06-12T17:39:41","slug":"dzien-dziecka","status":"publish","type":"post","link":"https:\/\/sp22.pl\/nowa\/index.php\/2026\/06\/05\/dzien-dziecka\/","title":{"rendered":"Dzie\u0144 Dziecka"},"content":{"rendered":"<p align=\"left\"><span style=\"color: #000000;\"><span style=\"font-family: Arial, sans-serif;\"><span style=\"font-size: medium;\">Z okazji Dnia Dziecka w naszej Szkole zorganizowano mi\u0142\u0105 niespodziank\u0119.<br \/>\n<\/span><\/span><\/span><span style=\"color: #000000;\"><span style=\"font-family: Arial, sans-serif;\"><span style=\"font-size: medium;\">Rada Rodzic\u00f3w wraz z Dyrekcj\u0105 Szko\u0142y przygotowa\u0142a dla ca\u0142ej naszej spo\u0142eczno\u015bci pyszn\u0105, orze\u017awiaj\u0105c\u0105 niespodziank\u0119. Przez trzy dni wszyscy Uczniowie, Nauczyciele i pozostali Pracownicy Szko\u0142y otrzymywali pyszne lody. Upominek, wr\u0119czany osobi\u015bcie przez Dyrekcj\u0119, wywo\u0142a\u0142 mn\u00f3stwo rado\u015bci. Wszyscy byli bardzo zadowoleni z tego s\u0142odkiego akcentu. Darczy\u0144cami lod\u00f3w dla Uczni\u00f3w sta\u0142a si\u0119 Rada Rodzic\u00f3w, natomiast dla Nauczycieli i pozosta\u0142ych Pracownik\u00f3w\u2013 Panie Dyrektorki.<\/span><\/span><\/span><\/p>\n<p align=\"left\"><span style=\"color: #000000;\"><span style=\"font-family: Arial, sans-serif;\"><span style=\"font-size: medium;\">Te s\u0142odkie chwile doda\u0142y wszystkim energii i sprawi\u0142y, \u017ce Dzie\u0144 Dziecka by\u0142 jeszcze bardziej wyj\u0105tkowy.<\/span><\/span><\/span><\/p>\n<p align=\"left\">&nbsp;<\/p>\n<p align=\"left\"><em><span style=\"color: #000000;\"><span style=\"font-family: Arial, sans-serif;\"><span style=\"font-size: medium;\">Opracowanie materia\u0142u: Marta Szumska, Natalia Szwech<\/span><\/span><\/span><\/em><\/p>\n<p align=\"left\"><img loading=\"lazy\" decoding=\"async\" class=\"alignnone size-full wp-image-14867\" src=\"https:\/\/sp22.pl\/nowa\/wp-content\/uploads\/2026\/06\/dzien_dziecka_2025_2026-1.jpg\" alt=\"Zdj\u0119cie dekoracji. Jest na niej napis &quot;Dzie\u0144 Dziecka w SP22&quot; oraz tekturowe lody i kaktus.\" width=\"1024\" height=\"683\" srcset=\"https:\/\/sp22.pl\/nowa\/wp-content\/uploads\/2026\/06\/dzien_dziecka_2025_2026-1.jpg 1024w, https:\/\/sp22.pl\/nowa\/wp-content\/uploads\/2026\/06\/dzien_dziecka_2025_2026-1-300x200.jpg 300w, https:\/\/sp22.pl\/nowa\/wp-content\/uploads\/2026\/06\/dzien_dziecka_2025_2026-1-768x512.jpg 768w\" sizes=\"auto, (max-width: 1024px) 100vw, 1024px\" \/><\/p>\n<div style=\"width: 792px;\" class=\"wp-video\"><video class=\"wp-video-shortcode\" id=\"video-14861-1\" width=\"792\" height=\"1122\" preload=\"metadata\" controls=\"controls\"><source type=\"video\/mp4\" src=\"https:\/\/sp22.pl\/nowa\/wp-content\/uploads\/2026\/06\/dzien_dziecka_2025_2026.mp4?_=1\" \/><a href=\"https:\/\/sp22.pl\/nowa\/wp-content\/uploads\/2026\/06\/dzien_dziecka_2025_2026.mp4\">https:\/\/sp22.pl\/nowa\/wp-content\/uploads\/2026\/06\/dzien_dziecka_2025_2026.mp4<\/a><\/video><\/div>\n","protected":false},"excerpt":{"rendered":"<p>&#46;&#46;&#46;<\/p>\n","protected":false},"author":9,"featured_media":14862,"comment_status":"open","ping_status":"open","sticky":false,"template":"","format":"standard","meta":{"ngg_post_thumbnail":0,"footnotes":""},"categories":[1],"tags":[],"class_list":["post-14861","post","type-post","status-publish","format-standard","has-post-thumbnail","hentry","category-wiadomosci"],"_links":{"self":[{"href":"https:\/\/sp22.pl\/nowa\/index.php\/wp-json\/wp\/v2\/posts\/14861","targetHints":{"allow":["GET"]}}],"collection":[{"href":"https:\/\/sp22.pl\/nowa\/index.php\/wp-json\/wp\/v2\/posts"}],"about":[{"href":"https:\/\/sp22.pl\/nowa\/index.php\/wp-json\/wp\/v2\/types\/post"}],"author":[{"embeddable":true,"href":"https:\/\/sp22.pl\/nowa\/index.php\/wp-json\/wp\/v2\/users\/9"}],"replies":[{"embeddable":true,"href":"https:\/\/sp22.pl\/nowa\/index.php\/wp-json\/wp\/v2\/comments?post=14861"}],"version-history":[{"count":3,"href":"https:\/\/sp22.pl\/nowa\/index.php\/wp-json\/wp\/v2\/posts\/14861\/revisions"}],"predecessor-version":[{"id":14871,"href":"https:\/\/sp22.pl\/nowa\/index.php\/wp-json\/wp\/v2\/posts\/14861\/revisions\/14871"}],"wp:featuredmedia":[{"embeddable":true,"href":"https:\/\/sp22.pl\/nowa\/index.php\/wp-json\/wp\/v2\/media\/14862"}],"wp:attachment":[{"href":"https:\/\/sp22.pl\/nowa\/index.php\/wp-json\/wp\/v2\/media?parent=14861"}],"wp:term":[{"taxonomy":"category","embeddable":true,"href":"https:\/\/sp22.pl\/nowa\/index.php\/wp-json\/wp\/v2\/categories?post=14861"},{"taxonomy":"post_tag","embeddable":true,"href":"https:\/\/sp22.pl\/nowa\/index.php\/wp-json\/wp\/v2\/tags?post=14861"}],"curies":[{"name":"wp","href":"https:\/\/api.w.org\/{rel}","templated":true}]}}